{"id":1016,"date":"2023-07-26T04:22:02","date_gmt":"2023-07-26T04:22:02","guid":{"rendered":"https:\/\/enminutostlx.com\/?p=1016"},"modified":"2023-07-27T13:43:24","modified_gmt":"2023-07-27T13:43:24","slug":"convoca-ayuntamiento-de-cuapiaxtla-a-mis-vacaciones-en-la-biblioteca","status":"publish","type":"post","link":"https:\/\/enminutostlx.com\/?p=1016","title":{"rendered":"Convoca ayuntamiento de Cuapiaxtla a \u201cMis vacaciones en la biblioteca\u201d."},"content":{"rendered":"\n<p>El ayuntamiento de Cuapiaxtla que encabeza, Antonio Romero Rodr\u00edguez, en coordinaci\u00f3n con \u00e9l \u00e1rea de la biblioteca municipal invitan al curso de verano \u201cMis vacaciones en la biblioteca\u201d.<\/p>\n\n\n\n<p>Dicho curso va dirigido para ni\u00f1as y ni\u00f1os de nivel primaria, dando comienzo el lunes 31 de julio a partir de las 11:00 de la ma\u00f1ana.<\/p>\n\n\n\n<p>Con estas acciones el gobierno municipal refrenda su compromiso por seguir trabajando en pro del desarrollo de lo peque\u00f1os del hogar.<\/p>\n","protected":false},"excerpt":{"rendered":"<p>El ayuntamiento de Cuapiaxtla que encabeza, Antonio Romero Rodr\u00edguez, en coordinaci\u00f3n con \u00e9l \u00e1rea de la biblioteca municipal invitan al curso de verano \u201cMis vacaciones en la biblioteca\u201d. Dicho curso va dirigido para ni\u00f1as y ni\u00f1os de nivel primaria, dando comienzo el lunes 31 de julio a partir de las 11:00 de la ma\u00f1ana. Con [&hellip;]<\/p>\n","protected":false},"author":2,"featured_media":1017,"comment_status":"open","ping_status":"open","sticky":false,"template":"","format":"standard","meta":{"_themeisle_gutenberg_block_has_review":false,"footnotes":""},"categories":[26],"tags":[261,172,520],"class_list":["post-1016","post","type-post","status-publish","format-standard","has-post-thumbnail","hentry","category-municipio","tag-biblioteca","tag-cuapiaxtla","tag-vacaciones"],"_links":{"self":[{"href":"https:\/\/enminutostlx.com\/index.php?rest_route=\/wp\/v2\/posts\/1016","targetHints":{"allow":["GET"]}}],"collection":[{"href":"https:\/\/enminutostlx.com\/index.php?rest_route=\/wp\/v2\/posts"}],"about":[{"href":"https:\/\/enminutostlx.com\/index.php?rest_route=\/wp\/v2\/types\/post"}],"author":[{"embeddable":true,"href":"https:\/\/enminutostlx.com\/index.php?rest_route=\/wp\/v2\/users\/2"}],"replies":[{"embeddable":true,"href":"https:\/\/enminutostlx.com\/index.php?rest_route=%2Fwp%2Fv2%2Fcomments&post=1016"}],"version-history":[{"count":1,"href":"https:\/\/enminutostlx.com\/index.php?rest_route=\/wp\/v2\/posts\/1016\/revisions"}],"predecessor-version":[{"id":1018,"href":"https:\/\/enminutostlx.com\/index.php?rest_route=\/wp\/v2\/posts\/1016\/revisions\/1018"}],"wp:featuredmedia":[{"embeddable":true,"href":"https:\/\/enminutostlx.com\/index.php?rest_route=\/wp\/v2\/media\/1017"}],"wp:attachment":[{"href":"https:\/\/enminutostlx.com\/index.php?rest_route=%2Fwp%2Fv2%2Fmedia&parent=1016"}],"wp:term":[{"taxonomy":"category","embeddable":true,"href":"https:\/\/enminutostlx.com\/index.php?rest_route=%2Fwp%2Fv2%2Fcategories&post=1016"},{"taxonomy":"post_tag","embeddable":true,"href":"https:\/\/enminutostlx.com\/index.php?rest_route=%2Fwp%2Fv2%2Ftags&post=1016"}],"curies":[{"name":"wp","href":"https:\/\/api.w.org\/{rel}","templated":true}]}}