{"id":1047,"date":"2023-07-29T17:27:02","date_gmt":"2023-07-29T17:27:02","guid":{"rendered":"https:\/\/enminutostlx.com\/?p=1047"},"modified":"2023-08-24T17:05:18","modified_gmt":"2023-08-24T17:05:18","slug":"con-exito-cierra-la-feria-de-tequexquitla-2023","status":"publish","type":"post","link":"https:\/\/enminutostlx.com\/?p=1047","title":{"rendered":"Con \u00e9xito cierra la Feria de Tequexquitla 2023."},"content":{"rendered":"\n<p>La Presidenta Municipal de El Carmen Tequexquitla, Araceli Martinez Cortez, hace unos d\u00edas dio por finalizada la feria de la demarcaci\u00f3n en menci\u00f3n, en donde se\u00f1al\u00f3 las expectativas se superaron.<\/p>\n\n\n\n<p>Comparti\u00f3 que la colaboraci\u00f3n de todas y todos, ocasion\u00f3 que los eventos salieran con \u00e9xito, tal y como se ten\u00eda planeado.<\/p>\n\n\n\n<p>Puntualiz\u00f3 que el pr\u00f3ximo a\u00f1o, ser\u00e1 una mejor feria para todas y todos, a la altura de ciudadanos y del municipio que dignamente representar\u00e1 en su \u00faltimo a\u00f1o.<\/p>\n","protected":false},"excerpt":{"rendered":"<p>La Presidenta Municipal de El Carmen Tequexquitla, Araceli Martinez Cortez, hace unos d\u00edas dio por finalizada la feria de la demarcaci\u00f3n en menci\u00f3n, en donde se\u00f1al\u00f3 las expectativas se superaron. Comparti\u00f3 que la colaboraci\u00f3n de todas y todos, ocasion\u00f3 que los eventos salieran con \u00e9xito, tal y como se ten\u00eda planeado. Puntualiz\u00f3 que el pr\u00f3ximo [&hellip;]<\/p>\n","protected":false},"author":2,"featured_media":1048,"comment_status":"open","ping_status":"open","sticky":false,"template":"","format":"standard","meta":{"_themeisle_gutenberg_block_has_review":false,"footnotes":""},"categories":[26],"tags":[109,122,359],"class_list":["post-1047","post","type-post","status-publish","format-standard","has-post-thumbnail","hentry","category-municipio","tag-cierre","tag-feria","tag-tequexquitla"],"_links":{"self":[{"href":"https:\/\/enminutostlx.com\/index.php?rest_route=\/wp\/v2\/posts\/1047","targetHints":{"allow":["GET"]}}],"collection":[{"href":"https:\/\/enminutostlx.com\/index.php?rest_route=\/wp\/v2\/posts"}],"about":[{"href":"https:\/\/enminutostlx.com\/index.php?rest_route=\/wp\/v2\/types\/post"}],"author":[{"embeddable":true,"href":"https:\/\/enminutostlx.com\/index.php?rest_route=\/wp\/v2\/users\/2"}],"replies":[{"embeddable":true,"href":"https:\/\/enminutostlx.com\/index.php?rest_route=%2Fwp%2Fv2%2Fcomments&post=1047"}],"version-history":[{"count":1,"href":"https:\/\/enminutostlx.com\/index.php?rest_route=\/wp\/v2\/posts\/1047\/revisions"}],"predecessor-version":[{"id":1049,"href":"https:\/\/enminutostlx.com\/index.php?rest_route=\/wp\/v2\/posts\/1047\/revisions\/1049"}],"wp:featuredmedia":[{"embeddable":true,"href":"https:\/\/enminutostlx.com\/index.php?rest_route=\/wp\/v2\/media\/1048"}],"wp:attachment":[{"href":"https:\/\/enminutostlx.com\/index.php?rest_route=%2Fwp%2Fv2%2Fmedia&parent=1047"}],"wp:term":[{"taxonomy":"category","embeddable":true,"href":"https:\/\/enminutostlx.com\/index.php?rest_route=%2Fwp%2Fv2%2Fcategories&post=1047"},{"taxonomy":"post_tag","embeddable":true,"href":"https:\/\/enminutostlx.com\/index.php?rest_route=%2Fwp%2Fv2%2Ftags&post=1047"}],"curies":[{"name":"wp","href":"https:\/\/api.w.org\/{rel}","templated":true}]}}