{"id":1071,"date":"2023-08-01T21:19:12","date_gmt":"2023-08-01T21:19:12","guid":{"rendered":"https:\/\/enminutostlx.com\/?p=1071"},"modified":"2023-08-24T17:00:20","modified_gmt":"2023-08-24T17:00:20","slug":"asegura-policia-municipal-de-huamantla-a-par-de-sujetos-por-rina","status":"publish","type":"post","link":"https:\/\/enminutostlx.com\/?p=1071","title":{"rendered":"ASEGURA POLIC\u00cdA MUNICIPAL DE HUAMANTLA A PAR DE SUJETOS POR RI\u00d1A"},"content":{"rendered":"\n<ul class=\"wp-block-list\">\n<li>Fueron puestos a disposici\u00f3n del juez civil del municipio, quien determinar\u00e1 su situaci\u00f3n legal.<\/li>\n<\/ul>\n\n\n\n<p>Resultado de la estrategia en seguridad implementada por el gobierno municipal de Huamantla, que dirige Salvador Santos Cedillo, elementos de la Direcci\u00f3n de Seguridad P\u00fablica municipal, aseguraron a un par de sujetos por participar en una ri\u00f1a en v\u00eda p\u00fablica, por lo que fueron puestos a disposici\u00f3n de la autoridad correspondiente.<\/p>\n\n\n\n<p>Los hechos ocurrieron, aproximadamente a las 18:00 horas del d\u00eda domingo, donde fue reportada una ri\u00f1a cerca del barrio de Jes\u00fas, por lo que de inmediato los uniformados se trasladaron al lugar referido para tomar conocimiento y brindar atenci\u00f3n.<\/p>\n\n\n\n<p>Al arribar al sitio, los oficiales localizaron a dos sujetos con las caracter\u00edsticas mencionadas en el reporte, con actitud agresiva, por lo que fueron cuestionados de estar involucrados en un altercado, afirmando que s\u00ed y con palabras altisonantes empezaron a agredir tambi\u00e9n a los efectivos.<\/p>\n\n\n\n<p>Por estos hechos fueron detenidos Jos\u00e9 N. de 26 a\u00f1os, y Alberto N. de 35 a\u00f1os, vecinos de la cabecera municipal, a quienes les fueron le\u00eddos sus derechos y luego trasladados a la Comisar\u00eda de Huamantla para ser puestos a disposici\u00f3n del juez civil del municipio, quien determinar\u00e1 su situaci\u00f3n legal.<\/p>\n","protected":false},"excerpt":{"rendered":"<p>Resultado de la estrategia en seguridad implementada por el gobierno municipal de Huamantla, que dirige Salvador Santos Cedillo, elementos de la Direcci\u00f3n de Seguridad P\u00fablica municipal, aseguraron a un par de sujetos por participar en una ri\u00f1a en v\u00eda p\u00fablica, por lo que fueron puestos a disposici\u00f3n de la autoridad correspondiente. Los hechos ocurrieron, aproximadamente [&hellip;]<\/p>\n","protected":false},"author":2,"featured_media":1072,"comment_status":"open","ping_status":"open","sticky":false,"template":"","format":"standard","meta":{"_themeisle_gutenberg_block_has_review":false,"footnotes":""},"categories":[26],"tags":[555],"class_list":["post-1071","post","type-post","status-publish","format-standard","has-post-thumbnail","hentry","category-municipio","tag-policia-huamantla-2"],"_links":{"self":[{"href":"https:\/\/enminutostlx.com\/index.php?rest_route=\/wp\/v2\/posts\/1071","targetHints":{"allow":["GET"]}}],"collection":[{"href":"https:\/\/enminutostlx.com\/index.php?rest_route=\/wp\/v2\/posts"}],"about":[{"href":"https:\/\/enminutostlx.com\/index.php?rest_route=\/wp\/v2\/types\/post"}],"author":[{"embeddable":true,"href":"https:\/\/enminutostlx.com\/index.php?rest_route=\/wp\/v2\/users\/2"}],"replies":[{"embeddable":true,"href":"https:\/\/enminutostlx.com\/index.php?rest_route=%2Fwp%2Fv2%2Fcomments&post=1071"}],"version-history":[{"count":1,"href":"https:\/\/enminutostlx.com\/index.php?rest_route=\/wp\/v2\/posts\/1071\/revisions"}],"predecessor-version":[{"id":1073,"href":"https:\/\/enminutostlx.com\/index.php?rest_route=\/wp\/v2\/posts\/1071\/revisions\/1073"}],"wp:featuredmedia":[{"embeddable":true,"href":"https:\/\/enminutostlx.com\/index.php?rest_route=\/wp\/v2\/media\/1072"}],"wp:attachment":[{"href":"https:\/\/enminutostlx.com\/index.php?rest_route=%2Fwp%2Fv2%2Fmedia&parent=1071"}],"wp:term":[{"taxonomy":"category","embeddable":true,"href":"https:\/\/enminutostlx.com\/index.php?rest_route=%2Fwp%2Fv2%2Fcategories&post=1071"},{"taxonomy":"post_tag","embeddable":true,"href":"https:\/\/enminutostlx.com\/index.php?rest_route=%2Fwp%2Fv2%2Ftags&post=1071"}],"curies":[{"name":"wp","href":"https:\/\/api.w.org\/{rel}","templated":true}]}}