{"id":1080,"date":"2023-08-04T01:19:22","date_gmt":"2023-08-04T01:19:22","guid":{"rendered":"https:\/\/enminutostlx.com\/?p=1080"},"modified":"2023-08-24T16:59:15","modified_gmt":"2023-08-24T16:59:15","slug":"salvador-santos-cedillo-da-banderazo-de-inicio-del-operativo-tu-feria-segura","status":"publish","type":"post","link":"https:\/\/enminutostlx.com\/?p=1080","title":{"rendered":"SALVADOR SANTOS CEDILLO DA BANDERAZO DE INICIO DEL OPERATIVO \u201cTU FERIA SEGURA\u201d"},"content":{"rendered":"\n<p>Adem\u00e1s, entreg\u00f3 kits de emergencia con maletines de primeros auxilios y 13 juegos de placas para las patrullas de seguridad.<\/p>\n\n\n\n<p>Al dar el banderazo de arranque del operativo \u201cTu Feria Segura\u201d, el presidente municipal de Huamantla, Salvador Santos Cedillo, entreg\u00f3 de manera simb\u00f3lica 15 kits de emergencia a elementos de la Direcci\u00f3n de Seguridad P\u00fablica Municipal, con el prop\u00f3sito de fortalecer el trabajo que diariamente realiza el cuerpo seguridad para mantener un municipio seguro.<\/p>\n\n\n\n<p>Fue en la explanada de la Presidencia Municipal, donde el alcalde hizo la entrega tambi\u00e9n de 15 extintores, e igual n\u00famero de maletines de primeros auxilios con su botiqu\u00edn, adem\u00e1s de 13 juegos de placas para mantener en orden y actualizada la documentaci\u00f3n que deben portar las patrullas.<\/p>\n\n\n\n<p>En su mensaje, el alcalde Santos Cedillo, agradeci\u00f3 el apoyo brindado por las autoridades federales y estatales en temas de seguridad, ya que trabajando de manera coordinada y colaborativa se pueden lograr grandes resultados; adem\u00e1s, reconoci\u00f3 la labor de los integrantes del gobierno municipal para impulsar y concretar importantes proyectos a favor de las y los huamantlecos.<\/p>\n\n\n\n<p>\u201cCon la entrega de estos kits nuestros elementos policiacos podr\u00e1n atender las emergencias no graves ya que cada patrulla traer\u00e1 estos accesorios, ya podremos auxiliar a turistas o habitantes del municipio ante una contingencia menor\u201d.<\/p>\n\n\n\n<p>Posteriormente, en compa\u00f1\u00eda de la Secretar\u00eda T\u00e9cnica Regional en Apizaco de la Mesa de Seguridad para la Construcci\u00f3n de la Paz del Gobierno Federal, Eugenia Magdalena Brindis C\u00e1rdenas; la S\u00edndico Municipal, Ma. Eva Valencia Valencia; y el Director de Seguridad P\u00fablica Municipal, Fernando Ortiz Garc\u00eda; dieron el banderazo de salida a las unidades policiacas como inicio del operativo de seguridad para la Feria Internacional del Arte Ef\u00edmero y la Dalia 2023, que finalizar\u00e1 el pr\u00f3ximo 31 de agosto.<\/p>\n\n\n\n<p>En este operativo tambi\u00e9n participar\u00e1n elementos de la Secretar\u00eda de Seguridad Ciudadana (SSC) de Tlaxcala, Guardia Nacional (GN), la Coordinaci\u00f3n Estatal de Protecci\u00f3n Civil (CEPC), y cuerpos de emergencias como la Cruz Roja de Tlaxcala.<\/p>\n","protected":false},"excerpt":{"rendered":"<p>Adem\u00e1s, entreg\u00f3 kits de emergencia con maletines de primeros auxilios y 13 juegos de placas para las patrullas de seguridad. Al dar el banderazo de arranque del operativo \u201cTu Feria Segura\u201d, el presidente municipal de Huamantla, Salvador Santos Cedillo, entreg\u00f3 de manera simb\u00f3lica 15 kits de emergencia a elementos de la Direcci\u00f3n de Seguridad P\u00fablica [&hellip;]<\/p>\n","protected":false},"author":2,"featured_media":1081,"comment_status":"open","ping_status":"open","sticky":false,"template":"","format":"standard","meta":{"_themeisle_gutenberg_block_has_review":false,"footnotes":""},"categories":[26],"tags":[48,557,35],"class_list":["post-1080","post","type-post","status-publish","format-standard","has-post-thumbnail","hentry","category-municipio","tag-policia","tag-secretaria-de-seguridad-ciudadana","tag-ssc"],"_links":{"self":[{"href":"https:\/\/enminutostlx.com\/index.php?rest_route=\/wp\/v2\/posts\/1080","targetHints":{"allow":["GET"]}}],"collection":[{"href":"https:\/\/enminutostlx.com\/index.php?rest_route=\/wp\/v2\/posts"}],"about":[{"href":"https:\/\/enminutostlx.com\/index.php?rest_route=\/wp\/v2\/types\/post"}],"author":[{"embeddable":true,"href":"https:\/\/enminutostlx.com\/index.php?rest_route=\/wp\/v2\/users\/2"}],"replies":[{"embeddable":true,"href":"https:\/\/enminutostlx.com\/index.php?rest_route=%2Fwp%2Fv2%2Fcomments&post=1080"}],"version-history":[{"count":1,"href":"https:\/\/enminutostlx.com\/index.php?rest_route=\/wp\/v2\/posts\/1080\/revisions"}],"predecessor-version":[{"id":1082,"href":"https:\/\/enminutostlx.com\/index.php?rest_route=\/wp\/v2\/posts\/1080\/revisions\/1082"}],"wp:featuredmedia":[{"embeddable":true,"href":"https:\/\/enminutostlx.com\/index.php?rest_route=\/wp\/v2\/media\/1081"}],"wp:attachment":[{"href":"https:\/\/enminutostlx.com\/index.php?rest_route=%2Fwp%2Fv2%2Fmedia&parent=1080"}],"wp:term":[{"taxonomy":"category","embeddable":true,"href":"https:\/\/enminutostlx.com\/index.php?rest_route=%2Fwp%2Fv2%2Fcategories&post=1080"},{"taxonomy":"post_tag","embeddable":true,"href":"https:\/\/enminutostlx.com\/index.php?rest_route=%2Fwp%2Fv2%2Ftags&post=1080"}],"curies":[{"name":"wp","href":"https:\/\/api.w.org\/{rel}","templated":true}]}}