{"id":1089,"date":"2023-08-04T04:29:22","date_gmt":"2023-08-04T04:29:22","guid":{"rendered":"https:\/\/enminutostlx.com\/?p=1089"},"modified":"2023-08-24T16:57:23","modified_gmt":"2023-08-24T16:57:23","slug":"abrira-el-grupo-dld-las-presentaciones-artisticas-de-la-feria-huamantla-2023","status":"publish","type":"post","link":"https:\/\/enminutostlx.com\/?p=1089","title":{"rendered":"ABRIR\u00c1 EL GRUPO \u201cDLD\u201d LAS PRESENTACIONES ART\u00cdSTICAS DE LA FERIA HUAMANTLA 2023"},"content":{"rendered":"\n<p>\u00b7 El viernes 4 de agosto, a las 20:00 horas, el Foro del Artista del Recinto Ferial recibir\u00e1 a esta banda de Rock Pop.<\/p>\n\n\n\n<p>Como parte de las presentaciones art\u00edsticas de la Feria Internacional del Arte Ef\u00edmero y la Dalia Huamantla 2023, el pr\u00f3ximo 4 de agosto la banda de Rock-Pop \u201cDLD\u201d, encender\u00e1 el escenario con los \u00e9xitos de m\u00e1s de dos d\u00e9cadas.<\/p>\n\n\n\n<p>Autoridades municipales y el Patronato de Feria informan que las puertas del recinto se abrir\u00e1n a las 18:00 horas, para que la gente con boleto en mano pueda ingresar al que ser\u00e1 el primer concierto de la edici\u00f3n 149 de la Feria de Huamantla.<\/p>\n\n\n\n<p>El ingreso para todos los amantes de su m\u00fasica ser\u00e1 por la entrada principal del Recinto Ferial, y avanzar hasta llegar al Centro C\u00edvico donde se encuentra el acceso al Foro del Artista. No habr\u00e1 otros accesos.<\/p>\n\n\n\n<p>Actualmente, la banda formada en 1998 est\u00e1 conformada por cinco integrantes que son: Francisco Familiar (Voz), Erik Neville Linares (Guitarra), Edgar &#8220;Pijey&#8221; Hansen Otero (Bajo), Gil Santiago Rangel (Bater\u00eda) y Sergio Vela (Teclados); mismos que cuentan con siete \u00e1lbumes de estudio y tres en vivo. No pierdas la oportunidad de disfrutar de la energ\u00eda arrolladora de esta banda en vivo.<\/p>\n\n\n\n<p>Finalmente, para garantizar la seguridad de los asistentes durante el evento, personal de seguridad p\u00fablica y emergencias de los tres niveles de gobierno, desplegar\u00e1n un operativo en la zona y en la entrada del Recinto, por lo que es importante mencionar que est\u00e1 prohibido acceder al Foro del Artista con alimentos y bebidas, as\u00ed como con objetos que pudieran causar alg\u00fan da\u00f1o.<\/p>\n","protected":false},"excerpt":{"rendered":"<p>\u00b7 El viernes 4 de agosto, a las 20:00 horas, el Foro del Artista del Recinto Ferial recibir\u00e1 a esta banda de Rock Pop. Como parte de las presentaciones art\u00edsticas de la Feria Internacional del Arte Ef\u00edmero y la Dalia Huamantla 2023, el pr\u00f3ximo 4 de agosto la banda de Rock-Pop \u201cDLD\u201d, encender\u00e1 el escenario [&hellip;]<\/p>\n","protected":false},"author":2,"featured_media":1090,"comment_status":"open","ping_status":"open","sticky":false,"template":"","format":"standard","meta":{"_themeisle_gutenberg_block_has_review":false,"footnotes":""},"categories":[26],"tags":[559,477,560],"class_list":["post-1089","post","type-post","status-publish","format-standard","has-post-thumbnail","hentry","category-municipio","tag-dld","tag-feria-huamantla-2023","tag-todo-cuenta"],"_links":{"self":[{"href":"https:\/\/enminutostlx.com\/index.php?rest_route=\/wp\/v2\/posts\/1089","targetHints":{"allow":["GET"]}}],"collection":[{"href":"https:\/\/enminutostlx.com\/index.php?rest_route=\/wp\/v2\/posts"}],"about":[{"href":"https:\/\/enminutostlx.com\/index.php?rest_route=\/wp\/v2\/types\/post"}],"author":[{"embeddable":true,"href":"https:\/\/enminutostlx.com\/index.php?rest_route=\/wp\/v2\/users\/2"}],"replies":[{"embeddable":true,"href":"https:\/\/enminutostlx.com\/index.php?rest_route=%2Fwp%2Fv2%2Fcomments&post=1089"}],"version-history":[{"count":1,"href":"https:\/\/enminutostlx.com\/index.php?rest_route=\/wp\/v2\/posts\/1089\/revisions"}],"predecessor-version":[{"id":1091,"href":"https:\/\/enminutostlx.com\/index.php?rest_route=\/wp\/v2\/posts\/1089\/revisions\/1091"}],"wp:featuredmedia":[{"embeddable":true,"href":"https:\/\/enminutostlx.com\/index.php?rest_route=\/wp\/v2\/media\/1090"}],"wp:attachment":[{"href":"https:\/\/enminutostlx.com\/index.php?rest_route=%2Fwp%2Fv2%2Fmedia&parent=1089"}],"wp:term":[{"taxonomy":"category","embeddable":true,"href":"https:\/\/enminutostlx.com\/index.php?rest_route=%2Fwp%2Fv2%2Fcategories&post=1089"},{"taxonomy":"post_tag","embeddable":true,"href":"https:\/\/enminutostlx.com\/index.php?rest_route=%2Fwp%2Fv2%2Ftags&post=1089"}],"curies":[{"name":"wp","href":"https:\/\/api.w.org\/{rel}","templated":true}]}}