{"id":1097,"date":"2023-08-07T18:11:21","date_gmt":"2023-08-07T18:11:21","guid":{"rendered":"https:\/\/enminutostlx.com\/?p=1097"},"modified":"2023-08-24T16:55:56","modified_gmt":"2023-08-24T16:55:56","slug":"fiesta-y-color-en-el-tradicional-desfile-de-la-dalia-de-la-feria-huamantla-2023","status":"publish","type":"post","link":"https:\/\/enminutostlx.com\/?p=1097","title":{"rendered":"FIESTA Y COLOR EN EL TRADICIONAL DESFILE DE LA DALIA DE LA FERIA HUAMANTLA 2023"},"content":{"rendered":"\n<p>Cerca de 80 grupos desfilaron por las principales calles de este Pueblo M\u00e1gico.<\/p>\n\n\n\n<p>En el marco de la Feria Internacional del Arte Ef\u00edmero y la Dalia 2023, las principales calles de la ciudad se llenaron de fiesta y color, con el tradicional Desfile de la Dalia, organizado por el Sistema Municipal para el Desarrollo Integral de la Familia (DIF) Huamantla, que en esta edici\u00f3n reuni\u00f3 a m\u00e1s 30 mil espectadores.<\/p>\n\n\n\n<p>El presidente municipal de Huamantla, Salvador Santos Cedillo, destac\u00f3 el desborde de talento y creatividad de todos los participantes al arreglar sus carros aleg\u00f3ricos con elementos representativos de Huamantla, donde destac\u00f3 la flor nacional de M\u00e9xico como un protagonista natural.<\/p>\n\n\n\n<p>Acompa\u00f1ado del presidente municipal de Salvatierra, Guanajuato, Germ\u00e1n Cervantes Vega; as\u00ed como del General de Brigada D.E.M. Santos Gerardo Soto, de la 23\u00aa Zona Militar; autoridades municipales y p\u00fablico en general, disfrutaron de casi 80 grupos de animaci\u00f3n entre comparsas, huehues, marching band, animadoras de diferentes instituciones educativas y representantes de diversos municipios del estado de Tlaxcala.<\/p>\n\n\n\n<p>En esta edici\u00f3n 149 de la Feria de Huamantla, estuvo como invitada especial la actriz y cantante Maribel Guardia, quien en un carro aleg\u00f3rico acompa\u00f1ada por bailarinas y diversos participantes, contagiaba con su \u00e1nimo a un p\u00fablico que aplaud\u00eda y participaba en sus din\u00e1micas.<\/p>\n\n\n\n<p>La emoci\u00f3n y adrenalina lleg\u00f3 con el escuadr\u00f3n de motos de la Federaci\u00f3n Aceros y Polic\u00edas Federales, quienes al final del desfile brindaron una exhibici\u00f3n de acrobacias frente al Parque Ju\u00e1rez de la ciudad.<\/p>\n\n\n\n<p>Entre los municipios participantes, estuvieron las Manolas del Pueblo M\u00e1gico invitado de Salvatierra, Guanajuato; la banda de viento Yamhuix de Ixtenco, Camadas de huehues de Yauhquemehcan; los Can\u00edbales de Tetlatlahuca; comparsas de Cuapiaxtla, Panotla y El Carmen Tequexquitla; as\u00ed como grupos de los estados de Morelos y Veracruz.<\/p>\n\n\n\n<p>Cerca del final del desfile, con mucho porte y gallard\u00eda, escaramuzas y charros nos recordaron de la temporada de charreadas que se realizar\u00e1 en esta Feria en honor a la Virgen de La Caridad.<\/p>\n\n\n\n<p>Al t\u00e9rmino del desfile, autoridades municipales invitaron al p\u00fablico en general a disfrutar de un espect\u00e1culo musical en el escenario principal colocado en el Parque Ju\u00e1rez, del Programa Cultural \u201cDominguearte\u201d con sorpresas para toda la familia, de la primera corrida de toros en la Plaza \u201cLa Taurina\u201d, as\u00ed como la presentaci\u00f3n del grupo \u201cMotel\u201d, en el Foro del Artista.<\/p>\n\n\n\n<p>Para conocer m\u00e1s del programa de la Feria de Huamantla 2023, los interesados pueden consultar la p\u00e1gina de Facebook de @ChavaSantos, @FeriaHuamantlaTlax, y en @huamgob.<\/p>\n","protected":false},"excerpt":{"rendered":"<p>Cerca de 80 grupos desfilaron por las principales calles de este Pueblo M\u00e1gico. En el marco de la Feria Internacional del Arte Ef\u00edmero y la Dalia 2023, las principales calles de la ciudad se llenaron de fiesta y color, con el tradicional Desfile de la Dalia, organizado por el Sistema Municipal para el Desarrollo Integral [&hellip;]<\/p>\n","protected":false},"author":2,"featured_media":1098,"comment_status":"open","ping_status":"open","sticky":false,"template":"","format":"standard","meta":{"_themeisle_gutenberg_block_has_review":false,"footnotes":""},"categories":[26],"tags":[562,317,31],"class_list":["post-1097","post","type-post","status-publish","format-standard","has-post-thumbnail","hentry","category-municipio","tag-desfile-de-las-dalias","tag-feria-huamantla","tag-huamantla"],"_links":{"self":[{"href":"https:\/\/enminutostlx.com\/index.php?rest_route=\/wp\/v2\/posts\/1097","targetHints":{"allow":["GET"]}}],"collection":[{"href":"https:\/\/enminutostlx.com\/index.php?rest_route=\/wp\/v2\/posts"}],"about":[{"href":"https:\/\/enminutostlx.com\/index.php?rest_route=\/wp\/v2\/types\/post"}],"author":[{"embeddable":true,"href":"https:\/\/enminutostlx.com\/index.php?rest_route=\/wp\/v2\/users\/2"}],"replies":[{"embeddable":true,"href":"https:\/\/enminutostlx.com\/index.php?rest_route=%2Fwp%2Fv2%2Fcomments&post=1097"}],"version-history":[{"count":1,"href":"https:\/\/enminutostlx.com\/index.php?rest_route=\/wp\/v2\/posts\/1097\/revisions"}],"predecessor-version":[{"id":1099,"href":"https:\/\/enminutostlx.com\/index.php?rest_route=\/wp\/v2\/posts\/1097\/revisions\/1099"}],"wp:featuredmedia":[{"embeddable":true,"href":"https:\/\/enminutostlx.com\/index.php?rest_route=\/wp\/v2\/media\/1098"}],"wp:attachment":[{"href":"https:\/\/enminutostlx.com\/index.php?rest_route=%2Fwp%2Fv2%2Fmedia&parent=1097"}],"wp:term":[{"taxonomy":"category","embeddable":true,"href":"https:\/\/enminutostlx.com\/index.php?rest_route=%2Fwp%2Fv2%2Fcategories&post=1097"},{"taxonomy":"post_tag","embeddable":true,"href":"https:\/\/enminutostlx.com\/index.php?rest_route=%2Fwp%2Fv2%2Ftags&post=1097"}],"curies":[{"name":"wp","href":"https:\/\/api.w.org\/{rel}","templated":true}]}}