{"id":1152,"date":"2023-08-09T22:50:33","date_gmt":"2023-08-09T22:50:33","guid":{"rendered":"https:\/\/enminutostlx.com\/?p=1152"},"modified":"2023-08-23T13:44:06","modified_gmt":"2023-08-23T13:44:06","slug":"ninas-y-ninos-de-huamantla-participan-en-el-curso-de-verano-mis-vacaciones-en-la-biblioteca","status":"publish","type":"post","link":"https:\/\/enminutostlx.com\/?p=1152","title":{"rendered":"NI\u00d1AS Y NI\u00d1OS DE HUAMANTLA PARTICIPAN EN EL CURSO DE VERANO \u201cMIS VACACIONES EN LA BIBLIOTECA\u201d"},"content":{"rendered":"\n<p>A trav\u00e9s de la Coordinaci\u00f3n de Educaci\u00f3n municipal, el H. Atuntamiento de Huamantla, lleva a cabo el curso de verano infantil \u201cMis Vacaciones en la Biblioteca\u201d, donde m\u00e1s de 90 ni\u00f1as y ni\u00f1os participan realizando actividades l\u00fadicas y recreativas para fortalecer su desarrollo cognitivo, adem\u00e1s de tener momentos de sano esparcimiento.<\/p>\n\n\n\n<p>A partir del 31 de julio personal de las 23 bibliotecas ubicadas en diversas comunidades de Huamantla, imparten talleres art\u00edsticos y de pintura, de elaboraci\u00f3n de slime y plastilina casera, juegos de destreza motriz, pintura en \u00f3leo, elaboraci\u00f3n de t\u00edteres con materiales reciclados y clases de ingl\u00e9s.<\/p>\n\n\n\n<p>Durante los primeros d\u00edas que lleva el curso, los infantes han tenido la oportunidad de visitar los principales lugares emblem\u00e1ticos del Pueblo M\u00e1gico, donde han tenido la oportunidad de conocer m\u00e1s de su municipio de manera divertida.<\/p>\n\n\n\n<p>Cabe mencionar, que este curso es una estrategia a nivel estatal de todas las bibliotecas p\u00fablicas, por lo que el Ayuntamiento de Huamantla que preside Salvador Santos Cedillo, se suma a este trabajo para caminar de manera conjunta con el Gobierno del Estado para coadyuvar a la educaci\u00f3n integral de las y los ni\u00f1os.<\/p>\n","protected":false},"excerpt":{"rendered":"<p>A trav\u00e9s de la Coordinaci\u00f3n de Educaci\u00f3n municipal, el H. Atuntamiento de Huamantla, lleva a cabo el curso de verano infantil \u201cMis Vacaciones en la Biblioteca\u201d, donde m\u00e1s de 90 ni\u00f1as y ni\u00f1os participan realizando actividades l\u00fadicas y recreativas para fortalecer su desarrollo cognitivo, adem\u00e1s de tener momentos de sano esparcimiento. A partir del 31 [&hellip;]<\/p>\n","protected":false},"author":2,"featured_media":1153,"comment_status":"open","ping_status":"open","sticky":false,"template":"","format":"standard","meta":{"_themeisle_gutenberg_block_has_review":false,"footnotes":""},"categories":[26],"tags":[261,63,31],"class_list":["post-1152","post","type-post","status-publish","format-standard","has-post-thumbnail","hentry","category-municipio","tag-biblioteca","tag-curso","tag-huamantla"],"_links":{"self":[{"href":"https:\/\/enminutostlx.com\/index.php?rest_route=\/wp\/v2\/posts\/1152","targetHints":{"allow":["GET"]}}],"collection":[{"href":"https:\/\/enminutostlx.com\/index.php?rest_route=\/wp\/v2\/posts"}],"about":[{"href":"https:\/\/enminutostlx.com\/index.php?rest_route=\/wp\/v2\/types\/post"}],"author":[{"embeddable":true,"href":"https:\/\/enminutostlx.com\/index.php?rest_route=\/wp\/v2\/users\/2"}],"replies":[{"embeddable":true,"href":"https:\/\/enminutostlx.com\/index.php?rest_route=%2Fwp%2Fv2%2Fcomments&post=1152"}],"version-history":[{"count":1,"href":"https:\/\/enminutostlx.com\/index.php?rest_route=\/wp\/v2\/posts\/1152\/revisions"}],"predecessor-version":[{"id":1154,"href":"https:\/\/enminutostlx.com\/index.php?rest_route=\/wp\/v2\/posts\/1152\/revisions\/1154"}],"wp:featuredmedia":[{"embeddable":true,"href":"https:\/\/enminutostlx.com\/index.php?rest_route=\/wp\/v2\/media\/1153"}],"wp:attachment":[{"href":"https:\/\/enminutostlx.com\/index.php?rest_route=%2Fwp%2Fv2%2Fmedia&parent=1152"}],"wp:term":[{"taxonomy":"category","embeddable":true,"href":"https:\/\/enminutostlx.com\/index.php?rest_route=%2Fwp%2Fv2%2Fcategories&post=1152"},{"taxonomy":"post_tag","embeddable":true,"href":"https:\/\/enminutostlx.com\/index.php?rest_route=%2Fwp%2Fv2%2Ftags&post=1152"}],"curies":[{"name":"wp","href":"https:\/\/api.w.org\/{rel}","templated":true}]}}