{"id":1168,"date":"2023-08-10T04:06:49","date_gmt":"2023-08-10T04:06:49","guid":{"rendered":"https:\/\/enminutostlx.com\/?p=1168"},"modified":"2023-08-23T13:40:58","modified_gmt":"2023-08-23T13:40:58","slug":"tequexquitla-nuevo-pozo-de-agua-potable-un-sueno-hecho-realidad-para-la-localidad-de-mazatepec-norte-y-sur","status":"publish","type":"post","link":"https:\/\/enminutostlx.com\/?p=1168","title":{"rendered":"Tequexquitla | NUEVO POZO DE AGUA POTABLE, UN SUE\u00d1O HECHO REALIDAD PARA LA LOCALIDAD DE MAZATEPEC NORTE Y SUR."},"content":{"rendered":"\n<p>Tras a\u00f1os de dificultades para disponer de agua de consumo humano, la Alcaldesa Ma. Araceli Mart\u00ednez Cortez abri\u00f3 la llave del tanque, el cual conduce en beneficio permanente para toda la zona de mazatepec norte y sur quienes ya disponen de 350,000 litros que les permitir\u00e1n realizar sus actividades diarias m\u00e1s b\u00e1sicas.<\/p>\n\n\n\n<p>Antes los habitantes de la localidad, personal de ayuntamiento y su cuerpo colegiado de Regidores, Martinez Cort\u00e9z reiter\u00f3 su compromiso con el abastecimiento de agua en las comunidades y zonas que carecen de este servicio.<\/p>\n\n\n\n<p>Subray\u00f3 que las obras de infraestructura, como tanques, l\u00edneas de conducci\u00f3n y pozos, que se realizan en su gobierno contribuyen a garantizar el acceso digno de cientos de familias del territorio Tequexquitlense al vital l\u00edquido.<\/p>\n\n\n\n<p>Invit\u00f3 a la comunidad entera a apoyar con el pago de su servicio para que este vaya al corriente con su energ\u00eda el\u00e9ctrica asi como pidio de la paciencia y comprensi\u00f3n de los habitantes para ir poco a poco verificando las tuber\u00edas ahora que el pozo esta en marcha.<\/p>\n\n\n\n<p>Durante el protocolo de Inauguraci\u00f3n los vecinos beneficiados agradecieron el que por fin se le diera soluci\u00f3n a esta problem\u00e1tica y reconocieron el trabajo y la dedicaci\u00f3n que dispone la alcaldesa para tener un mejor Tequexquitla.<\/p>\n","protected":false},"excerpt":{"rendered":"<p>Tras a\u00f1os de dificultades para disponer de agua de consumo humano, la Alcaldesa Ma. Araceli Mart\u00ednez Cortez abri\u00f3 la llave del tanque, el cual conduce en beneficio permanente para toda la zona de mazatepec norte y sur quienes ya disponen de 350,000 litros que les permitir\u00e1n realizar sus actividades diarias m\u00e1s b\u00e1sicas. Antes los habitantes [&hellip;]<\/p>\n","protected":false},"author":2,"featured_media":1169,"comment_status":"open","ping_status":"open","sticky":false,"template":"","format":"standard","meta":{"_themeisle_gutenberg_block_has_review":false,"footnotes":""},"categories":[26],"tags":[84,417,359],"class_list":["post-1168","post","type-post","status-publish","format-standard","has-post-thumbnail","hentry","category-municipio","tag-entrega","tag-pozo","tag-tequexquitla"],"_links":{"self":[{"href":"https:\/\/enminutostlx.com\/index.php?rest_route=\/wp\/v2\/posts\/1168","targetHints":{"allow":["GET"]}}],"collection":[{"href":"https:\/\/enminutostlx.com\/index.php?rest_route=\/wp\/v2\/posts"}],"about":[{"href":"https:\/\/enminutostlx.com\/index.php?rest_route=\/wp\/v2\/types\/post"}],"author":[{"embeddable":true,"href":"https:\/\/enminutostlx.com\/index.php?rest_route=\/wp\/v2\/users\/2"}],"replies":[{"embeddable":true,"href":"https:\/\/enminutostlx.com\/index.php?rest_route=%2Fwp%2Fv2%2Fcomments&post=1168"}],"version-history":[{"count":1,"href":"https:\/\/enminutostlx.com\/index.php?rest_route=\/wp\/v2\/posts\/1168\/revisions"}],"predecessor-version":[{"id":1170,"href":"https:\/\/enminutostlx.com\/index.php?rest_route=\/wp\/v2\/posts\/1168\/revisions\/1170"}],"wp:featuredmedia":[{"embeddable":true,"href":"https:\/\/enminutostlx.com\/index.php?rest_route=\/wp\/v2\/media\/1169"}],"wp:attachment":[{"href":"https:\/\/enminutostlx.com\/index.php?rest_route=%2Fwp%2Fv2%2Fmedia&parent=1168"}],"wp:term":[{"taxonomy":"category","embeddable":true,"href":"https:\/\/enminutostlx.com\/index.php?rest_route=%2Fwp%2Fv2%2Fcategories&post=1168"},{"taxonomy":"post_tag","embeddable":true,"href":"https:\/\/enminutostlx.com\/index.php?rest_route=%2Fwp%2Fv2%2Ftags&post=1168"}],"curies":[{"name":"wp","href":"https:\/\/api.w.org\/{rel}","templated":true}]}}