{"id":1174,"date":"2023-08-10T04:13:19","date_gmt":"2023-08-10T04:13:19","guid":{"rendered":"https:\/\/enminutostlx.com\/?p=1174"},"modified":"2023-08-23T13:39:37","modified_gmt":"2023-08-23T13:39:37","slug":"alcaldesa-de-tequexquitla-inaugura-casa-del-abuelo","status":"publish","type":"post","link":"https:\/\/enminutostlx.com\/?p=1174","title":{"rendered":"ALCALDESA DE TEQUEXQUITLA INAUGURA \u201cCASA DEL ABUELO\u201d."},"content":{"rendered":"\n<p>Fue durante la tarde del d\u00eda lunes 07 de agosto que la C. Araceli Mart\u00ednez Cortez hizo entrega de lo que a partir de su inauguraci\u00f3n ser\u00e1 utilizada como &#8220;Casa del Abuelo&#8221;, un espacio d\u00f3nde los integrantes del grupo de la tercera edad podr\u00e1n desarrollar sus actividades y convivir con tranquilidad, la nueva obra consta de:<\/p>\n\n\n\n<p>Una oficina de atenci\u00f3n psicol\u00f3gica<br>Sala comedor<br>Sanitario<br>Bodega<br>Cuarto de descanso<br>Patio<\/p>\n\n\n\n<p>Adem\u00e1s se inauguraron tambi\u00e9n las nuevas oficinas de lo que ser\u00e1 agua potable, servicios municipales y obras p\u00fablicas, teniendo ya un nuevo espacio para atender con calidad y calidez a todos los ciudadanos que acudan a realizar los tr\u00e1mites correspondientes y adem\u00e1s tener un lugar comodo d\u00f3nde esperar su tr\u00e1mite.<\/p>\n\n\n\n<p>Lo que antes estaba abandonado hoy brilla y tiene color gracias al trabajo que desempe\u00f1a Mart\u00ednez Cortez, las recomendaciones como siempre son el hacer uso adecuado de todas y cada una de las obras que a lo largo de la semana fueron entregando.<\/p>\n","protected":false},"excerpt":{"rendered":"<p>Fue durante la tarde del d\u00eda lunes 07 de agosto que la C. Araceli Mart\u00ednez Cortez hizo entrega de lo que a partir de su inauguraci\u00f3n ser\u00e1 utilizada como &#8220;Casa del Abuelo&#8221;, un espacio d\u00f3nde los integrantes del grupo de la tercera edad podr\u00e1n desarrollar sus actividades y convivir con tranquilidad, la nueva obra consta [&hellip;]<\/p>\n","protected":false},"author":2,"featured_media":1175,"comment_status":"open","ping_status":"open","sticky":false,"template":"","format":"standard","meta":{"_themeisle_gutenberg_block_has_review":false,"footnotes":""},"categories":[26],"tags":[84,108,359],"class_list":["post-1174","post","type-post","status-publish","format-standard","has-post-thumbnail","hentry","category-municipio","tag-entrega","tag-obra","tag-tequexquitla"],"_links":{"self":[{"href":"https:\/\/enminutostlx.com\/index.php?rest_route=\/wp\/v2\/posts\/1174","targetHints":{"allow":["GET"]}}],"collection":[{"href":"https:\/\/enminutostlx.com\/index.php?rest_route=\/wp\/v2\/posts"}],"about":[{"href":"https:\/\/enminutostlx.com\/index.php?rest_route=\/wp\/v2\/types\/post"}],"author":[{"embeddable":true,"href":"https:\/\/enminutostlx.com\/index.php?rest_route=\/wp\/v2\/users\/2"}],"replies":[{"embeddable":true,"href":"https:\/\/enminutostlx.com\/index.php?rest_route=%2Fwp%2Fv2%2Fcomments&post=1174"}],"version-history":[{"count":1,"href":"https:\/\/enminutostlx.com\/index.php?rest_route=\/wp\/v2\/posts\/1174\/revisions"}],"predecessor-version":[{"id":1176,"href":"https:\/\/enminutostlx.com\/index.php?rest_route=\/wp\/v2\/posts\/1174\/revisions\/1176"}],"wp:featuredmedia":[{"embeddable":true,"href":"https:\/\/enminutostlx.com\/index.php?rest_route=\/wp\/v2\/media\/1175"}],"wp:attachment":[{"href":"https:\/\/enminutostlx.com\/index.php?rest_route=%2Fwp%2Fv2%2Fmedia&parent=1174"}],"wp:term":[{"taxonomy":"category","embeddable":true,"href":"https:\/\/enminutostlx.com\/index.php?rest_route=%2Fwp%2Fv2%2Fcategories&post=1174"},{"taxonomy":"post_tag","embeddable":true,"href":"https:\/\/enminutostlx.com\/index.php?rest_route=%2Fwp%2Fv2%2Ftags&post=1174"}],"curies":[{"name":"wp","href":"https:\/\/api.w.org\/{rel}","templated":true}]}}