{"id":1194,"date":"2023-08-14T03:10:46","date_gmt":"2023-08-14T03:10:46","guid":{"rendered":"https:\/\/enminutostlx.com\/?p=1194"},"modified":"2023-08-23T13:36:16","modified_gmt":"2023-08-23T13:36:16","slug":"presenta-dominguearte-un-programa-con-orgullo-mexicano","status":"publish","type":"post","link":"https:\/\/enminutostlx.com\/?p=1194","title":{"rendered":"PRESENTA \u201cDOMINGUEARTE\u201d UN PROGRAMA CON ORGULLO MEXICANO"},"content":{"rendered":"\n<p>Como parte de las actividades culturales que impulsa el H. Ayuntamiento de Huamantla, que preside Salvador Santos Cedillo, este d\u00eda se realiz\u00f3 una edici\u00f3n m\u00e1s de programa \u201cDominguearte\u201d, esta ocasi\u00f3n en la explanada frente a la Presidencia Municipal.<\/p>\n\n\n\n<p>Con una cartelera art\u00edstica, entre las que destacaron bailables y cantantes de m\u00fasica regional mexicana, alumnos de la Escuela de Danza y Canto de Ixtacuixtla se ganaron los aplausos y la admiraci\u00f3n de un p\u00fablico que disfrut\u00f3 cada una de sus presentaciones.<\/p>\n\n\n\n<p>M\u00e1s adelante, el Ballet Folcl\u00f3rico del Estado de Tlaxcala, llen\u00f3 de ambiente y orgullo a los asientes a la plaza principal con bailables representativos de diversas regiones de nuestro pa\u00eds.<\/p>\n\n\n\n<p>De igual manera, en el Foro del Artista del Recinto Ferial, se present\u00f3 el ballet Folcl\u00f3rico Cacaxtla A.C., quienes a trav\u00e9s del baile promueven y fortalecen la cultura local mediante presentaciones art\u00edsticas en los municipios de Tlaxcala y estados del norte del pa\u00eds.<\/p>\n\n\n\n<p>Como ya es una tradici\u00f3n, no pod\u00edan faltar las talleres de ajedrez y pintura donde los m\u00e1s peque\u00f1os se divierten, aprenden y conviven con sus pap\u00e1s.<\/p>\n\n\n\n<p>Finalmente, la Coordinaci\u00f3n de Cultura, invita a la ciudadan\u00eda y visitantes a disfrutar de la programaci\u00f3n especial que tendr\u00e1 \u201cDominguearte\u201d, en el marco de la Feria Internacional del Arte Ef\u00edmero y la Dalia Huamantla 2023.<\/p>\n","protected":false},"excerpt":{"rendered":"<p>Como parte de las actividades culturales que impulsa el H. Ayuntamiento de Huamantla, que preside Salvador Santos Cedillo, este d\u00eda se realiz\u00f3 una edici\u00f3n m\u00e1s de programa \u201cDominguearte\u201d, esta ocasi\u00f3n en la explanada frente a la Presidencia Municipal. Con una cartelera art\u00edstica, entre las que destacaron bailables y cantantes de m\u00fasica regional mexicana, alumnos de [&hellip;]<\/p>\n","protected":false},"author":2,"featured_media":1195,"comment_status":"open","ping_status":"open","sticky":false,"template":"","format":"standard","meta":{"_themeisle_gutenberg_block_has_review":false,"footnotes":""},"categories":[26],"tags":[239,31],"class_list":["post-1194","post","type-post","status-publish","format-standard","has-post-thumbnail","hentry","category-municipio","tag-dominguearte","tag-huamantla"],"_links":{"self":[{"href":"https:\/\/enminutostlx.com\/index.php?rest_route=\/wp\/v2\/posts\/1194","targetHints":{"allow":["GET"]}}],"collection":[{"href":"https:\/\/enminutostlx.com\/index.php?rest_route=\/wp\/v2\/posts"}],"about":[{"href":"https:\/\/enminutostlx.com\/index.php?rest_route=\/wp\/v2\/types\/post"}],"author":[{"embeddable":true,"href":"https:\/\/enminutostlx.com\/index.php?rest_route=\/wp\/v2\/users\/2"}],"replies":[{"embeddable":true,"href":"https:\/\/enminutostlx.com\/index.php?rest_route=%2Fwp%2Fv2%2Fcomments&post=1194"}],"version-history":[{"count":1,"href":"https:\/\/enminutostlx.com\/index.php?rest_route=\/wp\/v2\/posts\/1194\/revisions"}],"predecessor-version":[{"id":1196,"href":"https:\/\/enminutostlx.com\/index.php?rest_route=\/wp\/v2\/posts\/1194\/revisions\/1196"}],"wp:featuredmedia":[{"embeddable":true,"href":"https:\/\/enminutostlx.com\/index.php?rest_route=\/wp\/v2\/media\/1195"}],"wp:attachment":[{"href":"https:\/\/enminutostlx.com\/index.php?rest_route=%2Fwp%2Fv2%2Fmedia&parent=1194"}],"wp:term":[{"taxonomy":"category","embeddable":true,"href":"https:\/\/enminutostlx.com\/index.php?rest_route=%2Fwp%2Fv2%2Fcategories&post=1194"},{"taxonomy":"post_tag","embeddable":true,"href":"https:\/\/enminutostlx.com\/index.php?rest_route=%2Fwp%2Fv2%2Ftags&post=1194"}],"curies":[{"name":"wp","href":"https:\/\/api.w.org\/{rel}","templated":true}]}}