{"id":1206,"date":"2023-08-14T03:24:55","date_gmt":"2023-08-14T03:24:55","guid":{"rendered":"https:\/\/enminutostlx.com\/?p=1206"},"modified":"2023-08-23T13:34:01","modified_gmt":"2023-08-23T13:34:01","slug":"exhibe-museo-taurino-de-huamantla-la-exposicion-fotografica-el-senor-de-los-tres-tercios","status":"publish","type":"post","link":"https:\/\/enminutostlx.com\/?p=1206","title":{"rendered":"EXHIBE MUSEO TAURINO DE HUAMANTLA LA EXPOSICI\u00d3N FOTOGR\u00c1FICA \u201cEL SE\u00d1OR DE LOS TRES TERCIOS\u201d"},"content":{"rendered":"\n<ul class=\"wp-block-list\">\n<li>26 im\u00e1genes componen la obra art\u00edsticas que hacen homenaje al matador de toros Rafael Ortega Blancas.<\/li>\n<\/ul>\n\n\n\n<p>El Museo Taurino de Huamantla, exhibe la exposici\u00f3n fotogr\u00e1fica \u201cEl Se\u00f1or de los Tres Tercios\u201d de \u00c1ngel Sainos L\u00f3pez, misma que estar\u00e1 abierta al p\u00fablico hasta el pr\u00f3ximo 27 de agosto, por lo que el gobierno municipal a trav\u00e9s de la Coordinaci\u00f3n de Cultura, invita a la poblaci\u00f3n en general a visitarla y admirar el trabajo de este artista.<\/p>\n\n\n\n<p>La coordinadora de Cultura, Isabel Aquino Romero, inform\u00f3 que en el marco de la Feria Internacional del Arte Ef\u00edmero y la Dalia 2023, el presidente municipal de Huamantla, Salvador Santos Cedillo, determin\u00f3 hacer un homenaje al matador de toros Rafael Ortega Blancas, a trav\u00e9s de una galer\u00eda de 26 im\u00e1genes, donde el autor plasma una gran variedad de faenas del torero a trav\u00e9s de los a\u00f1os, y as\u00ed la gente conozca el legado que dej\u00f3.<\/p>\n\n\n\n<p>Es importante mencionar que la galer\u00eda estar\u00e1 expuesta de lunes a viernes en un horario de 9:00 a 17:00 horas, con entrada gratuita.<\/p>\n\n\n\n<p>Cabe destacar que \u00c1ngel Sainos L\u00f3pez, tambi\u00e9n conocido como el \u201cMaestro de la Lente\u201d, es un fot\u00f3grafo y periodista taurino con m\u00e1s de 30 a\u00f1os de experiencia, actualmente es colaborador y fot\u00f3grafo freelance de los peri\u00f3dicos Esto, Reforma, Milenio, La Jornada, Ovaciones y R\u00e9cord.<\/p>\n","protected":false},"excerpt":{"rendered":"<p>El Museo Taurino de Huamantla, exhibe la exposici\u00f3n fotogr\u00e1fica \u201cEl Se\u00f1or de los Tres Tercios\u201d de \u00c1ngel Sainos L\u00f3pez, misma que estar\u00e1 abierta al p\u00fablico hasta el pr\u00f3ximo 27 de agosto, por lo que el gobierno municipal a trav\u00e9s de la Coordinaci\u00f3n de Cultura, invita a la poblaci\u00f3n en general a visitarla y admirar el [&hellip;]<\/p>\n","protected":false},"author":2,"featured_media":1207,"comment_status":"open","ping_status":"open","sticky":false,"template":"","format":"standard","meta":{"_themeisle_gutenberg_block_has_review":false,"footnotes":""},"categories":[26],"tags":[598,597,595,596],"class_list":["post-1206","post","type-post","status-publish","format-standard","has-post-thumbnail","hentry","category-municipio","tag-arte-taurino","tag-cuadros","tag-museo-taurino-huamantla","tag-pinturas"],"_links":{"self":[{"href":"https:\/\/enminutostlx.com\/index.php?rest_route=\/wp\/v2\/posts\/1206","targetHints":{"allow":["GET"]}}],"collection":[{"href":"https:\/\/enminutostlx.com\/index.php?rest_route=\/wp\/v2\/posts"}],"about":[{"href":"https:\/\/enminutostlx.com\/index.php?rest_route=\/wp\/v2\/types\/post"}],"author":[{"embeddable":true,"href":"https:\/\/enminutostlx.com\/index.php?rest_route=\/wp\/v2\/users\/2"}],"replies":[{"embeddable":true,"href":"https:\/\/enminutostlx.com\/index.php?rest_route=%2Fwp%2Fv2%2Fcomments&post=1206"}],"version-history":[{"count":1,"href":"https:\/\/enminutostlx.com\/index.php?rest_route=\/wp\/v2\/posts\/1206\/revisions"}],"predecessor-version":[{"id":1208,"href":"https:\/\/enminutostlx.com\/index.php?rest_route=\/wp\/v2\/posts\/1206\/revisions\/1208"}],"wp:featuredmedia":[{"embeddable":true,"href":"https:\/\/enminutostlx.com\/index.php?rest_route=\/wp\/v2\/media\/1207"}],"wp:attachment":[{"href":"https:\/\/enminutostlx.com\/index.php?rest_route=%2Fwp%2Fv2%2Fmedia&parent=1206"}],"wp:term":[{"taxonomy":"category","embeddable":true,"href":"https:\/\/enminutostlx.com\/index.php?rest_route=%2Fwp%2Fv2%2Fcategories&post=1206"},{"taxonomy":"post_tag","embeddable":true,"href":"https:\/\/enminutostlx.com\/index.php?rest_route=%2Fwp%2Fv2%2Ftags&post=1206"}],"curies":[{"name":"wp","href":"https:\/\/api.w.org\/{rel}","templated":true}]}}