{"id":1226,"date":"2023-08-17T03:18:38","date_gmt":"2023-08-17T03:18:38","guid":{"rendered":"https:\/\/enminutostlx.com\/?p=1226"},"modified":"2023-08-23T13:30:34","modified_gmt":"2023-08-23T13:30:34","slug":"terrenate-se-fortalece-ubr-de-terrenate-con-nuevo-equipamiento","status":"publish","type":"post","link":"https:\/\/enminutostlx.com\/?p=1226","title":{"rendered":"Terrenate | Se fortalece UBR de Terrenate con nuevo equipamiento."},"content":{"rendered":"\n<p>La U.B.R. Nicol\u00e1s Bravo, perteneciente al Ayuntamiento de Terrenate, que encabeza, Edgardo Olivares Cruz, realiz\u00f3 una gesti\u00f3n coordinada con SEDIF y DIF Nacional, para la adquisici\u00f3n de equipo \u00fatil para la rehabilitaci\u00f3n de los pacientes que asisten a terapia f\u00edsica.<\/p>\n\n\n\n<p>Con las gestiones necesarias se adquiri\u00f3 una caminadora, dos compreseros, compresas, dos combos para electroterapia y dos colchonetas, este material tendr\u00e1 la finalidad de ser empleado por nuestra fisioterapeuta en cada una de las terapias f\u00edsicas realizas en la Unidad B\u00e1sica de Rehabilitaci\u00f3n.<\/p>\n\n\n\n<p>Para as\u00ed dar seguimiento y tener frutos en la salud de los pacientes que asisten constantemente a sus sesiones.<\/p>\n","protected":false},"excerpt":{"rendered":"<p>La U.B.R. Nicol\u00e1s Bravo, perteneciente al Ayuntamiento de Terrenate, que encabeza, Edgardo Olivares Cruz, realiz\u00f3 una gesti\u00f3n coordinada con SEDIF y DIF Nacional, para la adquisici\u00f3n de equipo \u00fatil para la rehabilitaci\u00f3n de los pacientes que asisten a terapia f\u00edsica. Con las gestiones necesarias se adquiri\u00f3 una caminadora, dos compreseros, compresas, dos combos para electroterapia [&hellip;]<\/p>\n","protected":false},"author":2,"featured_media":1227,"comment_status":"open","ping_status":"open","sticky":false,"template":"","format":"standard","meta":{"_themeisle_gutenberg_block_has_review":false,"footnotes":""},"categories":[26],"tags":[606,157],"class_list":["post-1226","post","type-post","status-publish","format-standard","has-post-thumbnail","hentry","category-municipio","tag-equipamiento","tag-terrenate"],"_links":{"self":[{"href":"https:\/\/enminutostlx.com\/index.php?rest_route=\/wp\/v2\/posts\/1226","targetHints":{"allow":["GET"]}}],"collection":[{"href":"https:\/\/enminutostlx.com\/index.php?rest_route=\/wp\/v2\/posts"}],"about":[{"href":"https:\/\/enminutostlx.com\/index.php?rest_route=\/wp\/v2\/types\/post"}],"author":[{"embeddable":true,"href":"https:\/\/enminutostlx.com\/index.php?rest_route=\/wp\/v2\/users\/2"}],"replies":[{"embeddable":true,"href":"https:\/\/enminutostlx.com\/index.php?rest_route=%2Fwp%2Fv2%2Fcomments&post=1226"}],"version-history":[{"count":1,"href":"https:\/\/enminutostlx.com\/index.php?rest_route=\/wp\/v2\/posts\/1226\/revisions"}],"predecessor-version":[{"id":1228,"href":"https:\/\/enminutostlx.com\/index.php?rest_route=\/wp\/v2\/posts\/1226\/revisions\/1228"}],"wp:featuredmedia":[{"embeddable":true,"href":"https:\/\/enminutostlx.com\/index.php?rest_route=\/wp\/v2\/media\/1227"}],"wp:attachment":[{"href":"https:\/\/enminutostlx.com\/index.php?rest_route=%2Fwp%2Fv2%2Fmedia&parent=1226"}],"wp:term":[{"taxonomy":"category","embeddable":true,"href":"https:\/\/enminutostlx.com\/index.php?rest_route=%2Fwp%2Fv2%2Fcategories&post=1226"},{"taxonomy":"post_tag","embeddable":true,"href":"https:\/\/enminutostlx.com\/index.php?rest_route=%2Fwp%2Fv2%2Ftags&post=1226"}],"curies":[{"name":"wp","href":"https:\/\/api.w.org\/{rel}","templated":true}]}}