{"id":123,"date":"2023-05-22T05:19:34","date_gmt":"2023-05-22T05:19:34","guid":{"rendered":"https:\/\/enminutostlx.com\/?p=123"},"modified":"2023-05-28T21:08:44","modified_gmt":"2023-05-28T21:08:44","slug":"realiza-smdif-huamantla-segunda-mesa-de-trabajo-para-fortalecer-la-atencion-de-salud-emocional-en-el-municipio","status":"publish","type":"post","link":"https:\/\/enminutostlx.com\/?p=123","title":{"rendered":"REALIZA SMDIF HUAMANTLA SEGUNDA MESA DE TRABAJO PARA FORTALECER LA ATENCI\u00d3N DE SALUD EMOCIONAL EN EL MUNICIPIO"},"content":{"rendered":"\n<p>El Sistema Municipal para el Desarrollo Integral de la Familia (DIF) Huamantla, en colaboraci\u00f3n con 16 profesionales de la salud, llevo a cabo la segunda mesa de trabajo con el objetivo de fortalecer los servicios de atenci\u00f3n a la salud emocional en el municipio.<\/p>\n\n\n\n<p>Esta iniciativa surge como respuesta a la creciente demanda de atenci\u00f3n a la salud mental en el SMDIF Huamantla, especialmente en relaci\u00f3n con la prevenci\u00f3n del suicidio.<\/p>\n\n\n\n<p>La autoridad municipal destac\u00f3 que, en esta segunda reuni\u00f3n, se ha logrado la participaci\u00f3n de diversos sectores, entre ellos los psic\u00f3logos del Centro de Salud, la Jurisdicci\u00f3n Sanitaria, el Hospital Urbano y el Cbtis 61 de Huamantla, que permitir\u00e1 fortalecer la Red Municipal de Atenci\u00f3n a la Salud Mental.<\/p>\n\n\n\n<p>La presidenta honor\u00edfica del SMDIF Huamantla, Karla Guadalupe Men\u00e9ndez Cedillo, refiri\u00f3 que con la colaboraci\u00f3n de todos estos profesionales, se brindar\u00e1 atenci\u00f3n a la poblaci\u00f3n huamantleca que lo requiera, especialmente a aquellos que, debido a limitaciones econ\u00f3micas, no pueden acceder a servicios de salud mental.<\/p>\n\n\n\n<p>Abund\u00f3 sobre la importancia de contar con un directorio amplio de profesionales en el campo de la salud mental, pues esto facilitar\u00e1 el acceso de la poblaci\u00f3n a los servicios necesarios y permitir\u00e1 implementar cambios significativos en la estrategia de atenci\u00f3n.<\/p>\n\n\n\n<p>Finalmente, se acord\u00f3 llevar a cabo campa\u00f1as de difusi\u00f3n para la prevenci\u00f3n del suicidio, con el objetivo de hacer conciencia a la comunidad y brindar apoyo a quienes lo necesiten; y con ello, asegurar el bienestar emocional y psicol\u00f3gico de la poblaci\u00f3n huamantleca.<\/p>\n\n\n<figure class=\"wp-block-post-featured-image\"><img loading=\"lazy\" decoding=\"async\" width=\"1280\" height=\"853\" src=\"https:\/\/enminutostlx.com\/wp-content\/uploads\/2023\/05\/019d0e20-d8ea-4a32-9c4b-07d718602729.jpeg\" class=\"attachment-post-thumbnail size-post-thumbnail wp-post-image\" alt=\"\" style=\"object-fit:cover;\" srcset=\"https:\/\/enminutostlx.com\/wp-content\/uploads\/2023\/05\/019d0e20-d8ea-4a32-9c4b-07d718602729.jpeg 1280w, https:\/\/enminutostlx.com\/wp-content\/uploads\/2023\/05\/019d0e20-d8ea-4a32-9c4b-07d718602729-300x200.jpeg 300w, https:\/\/enminutostlx.com\/wp-content\/uploads\/2023\/05\/019d0e20-d8ea-4a32-9c4b-07d718602729-1024x682.jpeg 1024w, https:\/\/enminutostlx.com\/wp-content\/uploads\/2023\/05\/019d0e20-d8ea-4a32-9c4b-07d718602729-768x512.jpeg 768w, https:\/\/enminutostlx.com\/wp-content\/uploads\/2023\/05\/019d0e20-d8ea-4a32-9c4b-07d718602729-750x500.jpeg 750w, https:\/\/enminutostlx.com\/wp-content\/uploads\/2023\/05\/019d0e20-d8ea-4a32-9c4b-07d718602729-1140x760.jpeg 1140w\" sizes=\"auto, (max-width: 1280px) 100vw, 1280px\" \/><\/figure>","protected":false},"excerpt":{"rendered":"<p>El Sistema Municipal para el Desarrollo Integral de la Familia (DIF) Huamantla, en colaboraci\u00f3n con 16 profesionales de la salud, llevo a cabo la segunda mesa de trabajo con el objetivo de fortalecer los servicios de atenci\u00f3n a la salud emocional en el municipio. Esta iniciativa surge como respuesta a la creciente demanda de atenci\u00f3n [&hellip;]<\/p>\n","protected":false},"author":2,"featured_media":124,"comment_status":"open","ping_status":"open","sticky":false,"template":"","format":"standard","meta":{"_themeisle_gutenberg_block_has_review":false,"footnotes":""},"categories":[26],"tags":[36,31,37],"class_list":["post-123","post","type-post","status-publish","format-standard","has-post-thumbnail","hentry","category-municipio","tag-dif","tag-huamantla","tag-karla"],"_links":{"self":[{"href":"https:\/\/enminutostlx.com\/index.php?rest_route=\/wp\/v2\/posts\/123","targetHints":{"allow":["GET"]}}],"collection":[{"href":"https:\/\/enminutostlx.com\/index.php?rest_route=\/wp\/v2\/posts"}],"about":[{"href":"https:\/\/enminutostlx.com\/index.php?rest_route=\/wp\/v2\/types\/post"}],"author":[{"embeddable":true,"href":"https:\/\/enminutostlx.com\/index.php?rest_route=\/wp\/v2\/users\/2"}],"replies":[{"embeddable":true,"href":"https:\/\/enminutostlx.com\/index.php?rest_route=%2Fwp%2Fv2%2Fcomments&post=123"}],"version-history":[{"count":1,"href":"https:\/\/enminutostlx.com\/index.php?rest_route=\/wp\/v2\/posts\/123\/revisions"}],"predecessor-version":[{"id":125,"href":"https:\/\/enminutostlx.com\/index.php?rest_route=\/wp\/v2\/posts\/123\/revisions\/125"}],"wp:featuredmedia":[{"embeddable":true,"href":"https:\/\/enminutostlx.com\/index.php?rest_route=\/wp\/v2\/media\/124"}],"wp:attachment":[{"href":"https:\/\/enminutostlx.com\/index.php?rest_route=%2Fwp%2Fv2%2Fmedia&parent=123"}],"wp:term":[{"taxonomy":"category","embeddable":true,"href":"https:\/\/enminutostlx.com\/index.php?rest_route=%2Fwp%2Fv2%2Fcategories&post=123"},{"taxonomy":"post_tag","embeddable":true,"href":"https:\/\/enminutostlx.com\/index.php?rest_route=%2Fwp%2Fv2%2Ftags&post=123"}],"curies":[{"name":"wp","href":"https:\/\/api.w.org\/{rel}","templated":true}]}}