{"id":1253,"date":"2023-08-21T13:51:42","date_gmt":"2023-08-21T13:51:42","guid":{"rendered":"https:\/\/enminutostlx.com\/?p=1253"},"modified":"2023-08-23T13:24:07","modified_gmt":"2023-08-23T13:24:07","slug":"una-gran-fiesta-con-lleno-total-en-la-presentacion-estelar-del-grupo-palomo-y-cardenales-de-nuevo-leon","status":"publish","type":"post","link":"https:\/\/enminutostlx.com\/?p=1253","title":{"rendered":"UNA GRAN FIESTA CON LLENO TOTAL EN LA PRESENTACI\u00d3N ESTELAR DEL GRUPO PALOMO Y CARDENALES DE NUEVO LE\u00d3N"},"content":{"rendered":"\n<p>Con m\u00e1s de 9 mil asistentes en el Foro del Artista, se presentaron los Cardenales de Nuevo Le\u00f3n y Grupo Palomo, en el marco de la Feria Internacional del Arte Ef\u00edmero y la Dalia Huamantla 2023.<\/p>\n\n\n\n<p>Luego de uno de los festejos m\u00e1s representativos del Pueblo M\u00e1gico, la tradicional \u201cHuamantlada\u201d, reconocida como la capea m\u00e1s grande del mundo, miles de asistentes disfrutaron y bailaron al ritmo del regional mexicano.<\/p>\n\n\n\n<p>Con \u00e9xitos como \u201cDe uno y de todos los modos\u201d, \u201cNo me conoces a\u00fan\u201d, \u201cMiedo\u201d, entre otro temas, el Grupo Palomo puso a cantar al p\u00fablico que ilumin\u00f3 el recinto con tanta energ\u00eda.<\/p>\n\n\n\n<p>A su vez, la agrupaci\u00f3n originaria de Monterrey, Los Cardenales de Nuevo Le\u00f3n, mantuvieron el ambiente de fiesta con canciones como \u201cMi c\u00f3mplice\u201d, \u201cBelleza de cantina\u201d, \u201cQue nadie sepa\u201d, por citar algunas, con las que se cerr\u00f3 una de las noches m\u00e1s festivas de la Feria de Huamantla.<\/p>\n","protected":false},"excerpt":{"rendered":"<p>Con m\u00e1s de 9 mil asistentes en el Foro del Artista, se presentaron los Cardenales de Nuevo Le\u00f3n y Grupo Palomo, en el marco de la Feria Internacional del Arte Ef\u00edmero y la Dalia Huamantla 2023. Luego de uno de los festejos m\u00e1s representativos del Pueblo M\u00e1gico, la tradicional \u201cHuamantlada\u201d, reconocida como la capea m\u00e1s [&hellip;]<\/p>\n","protected":false},"author":2,"featured_media":1254,"comment_status":"open","ping_status":"open","sticky":false,"template":"","format":"standard","meta":{"_themeisle_gutenberg_block_has_review":false,"footnotes":""},"categories":[26],"tags":[613,612],"class_list":["post-1253","post","type-post","status-publish","format-standard","has-post-thumbnail","hentry","category-municipio","tag-cardenales-de-nuevo-leon","tag-huamantla-feria-2023"],"_links":{"self":[{"href":"https:\/\/enminutostlx.com\/index.php?rest_route=\/wp\/v2\/posts\/1253","targetHints":{"allow":["GET"]}}],"collection":[{"href":"https:\/\/enminutostlx.com\/index.php?rest_route=\/wp\/v2\/posts"}],"about":[{"href":"https:\/\/enminutostlx.com\/index.php?rest_route=\/wp\/v2\/types\/post"}],"author":[{"embeddable":true,"href":"https:\/\/enminutostlx.com\/index.php?rest_route=\/wp\/v2\/users\/2"}],"replies":[{"embeddable":true,"href":"https:\/\/enminutostlx.com\/index.php?rest_route=%2Fwp%2Fv2%2Fcomments&post=1253"}],"version-history":[{"count":1,"href":"https:\/\/enminutostlx.com\/index.php?rest_route=\/wp\/v2\/posts\/1253\/revisions"}],"predecessor-version":[{"id":1255,"href":"https:\/\/enminutostlx.com\/index.php?rest_route=\/wp\/v2\/posts\/1253\/revisions\/1255"}],"wp:featuredmedia":[{"embeddable":true,"href":"https:\/\/enminutostlx.com\/index.php?rest_route=\/wp\/v2\/media\/1254"}],"wp:attachment":[{"href":"https:\/\/enminutostlx.com\/index.php?rest_route=%2Fwp%2Fv2%2Fmedia&parent=1253"}],"wp:term":[{"taxonomy":"category","embeddable":true,"href":"https:\/\/enminutostlx.com\/index.php?rest_route=%2Fwp%2Fv2%2Fcategories&post=1253"},{"taxonomy":"post_tag","embeddable":true,"href":"https:\/\/enminutostlx.com\/index.php?rest_route=%2Fwp%2Fv2%2Ftags&post=1253"}],"curies":[{"name":"wp","href":"https:\/\/api.w.org\/{rel}","templated":true}]}}