{"id":126,"date":"2023-05-21T05:20:28","date_gmt":"2023-05-21T05:20:28","guid":{"rendered":"https:\/\/enminutostlx.com\/?p=126"},"modified":"2023-05-28T21:10:43","modified_gmt":"2023-05-28T21:10:43","slug":"busca-huamantla-inscribir-las-alfombras-y-tapetes-como-patrimonio-cultural-inmaterial-de-mexico-y-de-la-unesco","status":"publish","type":"post","link":"https:\/\/enminutostlx.com\/?p=126","title":{"rendered":"BUSCA HUAMANTLA INSCRIBIR LAS ALFOMBRAS Y TAPETES COMO PATRIMONIO CULTURAL INMATERIAL DE M\u00c9XICO Y DE LA UNESCO"},"content":{"rendered":"\n<ul class=\"wp-block-list\">\n<li>El principal objetivo es visibilizar la importancia de la diversidad cultural y con ello asegurar la continuidad de las expresiones culturales y su transmisi\u00f3n a las siguientes generaciones.<\/li>\n<\/ul>\n\n\n\n<p>En el marco de la primera reuni\u00f3n en la que se anunci\u00f3 que la tradici\u00f3n del alfombrismo que preserva la comunidad de Huamantla formular\u00e1 un expediente para inscribirla en el Inventario del Patrimonio Cultural Inmaterial (PCI) de M\u00e9xico, como primer paso para la presentaci\u00f3n de candidatura multinacional de las \u201cAlfombras y Tapetes de Arte Ef\u00edmero\u201d en la Lista Representativa del Patrimonio Cultural Inmaterial de la Humanidad de la Organizaci\u00f3n de las Naciones Unidas para la Educaci\u00f3n, la Ciencia y la Cultura (Unesco), grupos y comit\u00e9s de organizaci\u00f3n de diferentes celebraciones, alfombristas y miembros de la comunidad, manifestaron por unanimidad su consentimiento.<\/p>\n\n\n\n<p>Reunidos en el Museo de la Ciudad, vecinos, artesanos, comit\u00e9s de alfombristas, acad\u00e9micos, investigadores, autoridades municipales, estatales y federales, fueron informados sobre la importancia de la participaci\u00f3n comunitaria en la salvaguardia del arte ef\u00edmero de Huamantla en el PCI.<\/p>\n\n\n\n<p>La coordinadora de Cultura, Isabel Aquino Romero, destac\u00f3 el trabajo incansable de la comunidad portadora de esta tradici\u00f3n centenaria para mantenerla viva, como un elemento cultural que identifica a sus habitantes.<\/p>\n\n\n\n<p>\u201cHuamantla es el principal referente del arte ef\u00edmero en M\u00e9xico y a nivel mundial. Cada pu\u00f1ado de tierras policromadas y aserr\u00edn ha sumado hasta llegar aqu\u00ed. Cada uno de nosotros tiene su propia historia del porqu\u00e9 participa en esta fiesta\u201d.<\/p>\n\n\n\n<p>Por su parte, la subdirectora del Patrimonio Cultural Inmaterial en la Direcci\u00f3n de Patrimonio Mundial del Instituto Nacional de Antropolog\u00eda e Historia (INAH), Edaly Quiroz Moreno, se\u00f1al\u00f3 que son las comunidades portadoras quienes deben definir c\u00f3mo salvaguardar las pr\u00e1cticas y expresiones culturales y las medidas necesarias para ello; y a las instituciones solo les corresponde generar las condiciones para atender esas necesidades sociales con pleno respeto a la autonom\u00eda, cosmovisi\u00f3n y autogesti\u00f3n comunitaria.<\/p>\n\n\n\n<p>Quiroz Moreno, abund\u00f3 que son las comunidades quienes desempe\u00f1en una funci\u00f3n primordial en la salvaguardia de su PCI, en la identificaci\u00f3n de todos los factores que constituyen amenazas o riesgos latentes, en particular su descontextualizaci\u00f3n, sobre comercializaci\u00f3n, uso indebido, injerencia y lucro de actores externos a las comunidades, as\u00ed como en la toma de decisiones sobre la manera de prevenir y atenuar esos riesgos.<\/p>\n\n\n\n<p>En ese sentido, la coordinadora de Cultura del municipio, Isabel Aquino Romero, reiter\u00f3 la importancia de que como comunidad participen en este proceso, ya que si bien la iniciativa tiene el respaldo de los gobiernos federal, estatal y municipal, son los portadores quienes encabezan y lideran este proceso para obtener un reconocimiento como pueblo, por la contribuci\u00f3n de muchas generaciones que han edificado una manifestaci\u00f3n social que les da sentido de pertenencia y aporta de manera sustantiva a la riqueza cultural de M\u00e9xico.<\/p>\n\n\n\n<p>Finalmente, Aquino Romero, refiri\u00f3 que esta tradici\u00f3n no se entender\u00eda sin la suma de voluntades de todas las personas que participan en la elaboraci\u00f3n de los tapetes y alfombras, y asegur\u00f3 que con la participaci\u00f3n de todos los actores se podr\u00e1 reconocer esta pr\u00e1ctica en el inventario del Patrimonio Cultural Inmaterial de M\u00e9xico y de la Unesco, con lo que se honrar\u00e1 la vida y el legado de quienes heredaron esta bella tradici\u00f3n.<\/p>\n\n\n<figure class=\"wp-block-post-featured-image\"><img loading=\"lazy\" decoding=\"async\" width=\"1280\" height=\"854\" src=\"https:\/\/enminutostlx.com\/wp-content\/uploads\/2023\/05\/2e90615a-ea82-40aa-a304-3d9d6deb2a93.jpeg\" class=\"attachment-post-thumbnail size-post-thumbnail wp-post-image\" alt=\"\" style=\"object-fit:cover;\" srcset=\"https:\/\/enminutostlx.com\/wp-content\/uploads\/2023\/05\/2e90615a-ea82-40aa-a304-3d9d6deb2a93.jpeg 1280w, https:\/\/enminutostlx.com\/wp-content\/uploads\/2023\/05\/2e90615a-ea82-40aa-a304-3d9d6deb2a93-300x200.jpeg 300w, https:\/\/enminutostlx.com\/wp-content\/uploads\/2023\/05\/2e90615a-ea82-40aa-a304-3d9d6deb2a93-1024x683.jpeg 1024w, https:\/\/enminutostlx.com\/wp-content\/uploads\/2023\/05\/2e90615a-ea82-40aa-a304-3d9d6deb2a93-768x512.jpeg 768w, https:\/\/enminutostlx.com\/wp-content\/uploads\/2023\/05\/2e90615a-ea82-40aa-a304-3d9d6deb2a93-750x500.jpeg 750w, https:\/\/enminutostlx.com\/wp-content\/uploads\/2023\/05\/2e90615a-ea82-40aa-a304-3d9d6deb2a93-1140x761.jpeg 1140w\" sizes=\"auto, (max-width: 1280px) 100vw, 1280px\" \/><\/figure>","protected":false},"excerpt":{"rendered":"<p>En el marco de la primera reuni\u00f3n en la que se anunci\u00f3 que la tradici\u00f3n del alfombrismo que preserva la comunidad de Huamantla formular\u00e1 un expediente para inscribirla en el Inventario del Patrimonio Cultural Inmaterial (PCI) de M\u00e9xico, como primer paso para la presentaci\u00f3n de candidatura multinacional de las \u201cAlfombras y Tapetes de Arte Ef\u00edmero\u201d [&hellip;]<\/p>\n","protected":false},"author":2,"featured_media":127,"comment_status":"open","ping_status":"open","sticky":false,"template":"","format":"standard","meta":{"_themeisle_gutenberg_block_has_review":false,"footnotes":""},"categories":[26],"tags":[],"class_list":["post-126","post","type-post","status-publish","format-standard","has-post-thumbnail","hentry","category-municipio"],"_links":{"self":[{"href":"https:\/\/enminutostlx.com\/index.php?rest_route=\/wp\/v2\/posts\/126","targetHints":{"allow":["GET"]}}],"collection":[{"href":"https:\/\/enminutostlx.com\/index.php?rest_route=\/wp\/v2\/posts"}],"about":[{"href":"https:\/\/enminutostlx.com\/index.php?rest_route=\/wp\/v2\/types\/post"}],"author":[{"embeddable":true,"href":"https:\/\/enminutostlx.com\/index.php?rest_route=\/wp\/v2\/users\/2"}],"replies":[{"embeddable":true,"href":"https:\/\/enminutostlx.com\/index.php?rest_route=%2Fwp%2Fv2%2Fcomments&post=126"}],"version-history":[{"count":1,"href":"https:\/\/enminutostlx.com\/index.php?rest_route=\/wp\/v2\/posts\/126\/revisions"}],"predecessor-version":[{"id":128,"href":"https:\/\/enminutostlx.com\/index.php?rest_route=\/wp\/v2\/posts\/126\/revisions\/128"}],"wp:featuredmedia":[{"embeddable":true,"href":"https:\/\/enminutostlx.com\/index.php?rest_route=\/wp\/v2\/media\/127"}],"wp:attachment":[{"href":"https:\/\/enminutostlx.com\/index.php?rest_route=%2Fwp%2Fv2%2Fmedia&parent=126"}],"wp:term":[{"taxonomy":"category","embeddable":true,"href":"https:\/\/enminutostlx.com\/index.php?rest_route=%2Fwp%2Fv2%2Fcategories&post=126"},{"taxonomy":"post_tag","embeddable":true,"href":"https:\/\/enminutostlx.com\/index.php?rest_route=%2Fwp%2Fv2%2Ftags&post=126"}],"curies":[{"name":"wp","href":"https:\/\/api.w.org\/{rel}","templated":true}]}}