{"id":1261,"date":"2023-08-21T14:00:40","date_gmt":"2023-08-21T14:00:40","guid":{"rendered":"https:\/\/enminutostlx.com\/?p=1261"},"modified":"2023-08-23T13:20:35","modified_gmt":"2023-08-23T13:20:35","slug":"una-noche-de-musica-baile-y-emociones-se-vivio-con-mario-bautista-en-el-festival-de-la-juventud-en-huamantla","status":"publish","type":"post","link":"https:\/\/enminutostlx.com\/?p=1261","title":{"rendered":"UNA NOCHE DE M\u00daSICA, BAILE Y EMOCIONES SE VIVI\u00d3 CON MARIO BAUTISTA EN EL \u201cFESTIVAL DE LA JUVENTUD\u201d EN HUAMANTLA"},"content":{"rendered":"\n<p>Miles de j\u00f3venes se dieron cita en el Foro del Artista de la Feria Internacional del Arte Ef\u00edmero y la Dalia 2023, para disfrutar del &#8220;Festival de la Juventud&#8221;, con la presentaci\u00f3n especial de Mario Bautista.<\/p>\n\n\n\n<p>El escenario se llen\u00f3 de energ\u00eda y entusiasmo, desde la presentaci\u00f3n de talentos locales que encendieron los \u00e1nimos del p\u00fablico, hasta el concierto de Mario Bautista, uno de los artistas m\u00e1s destacados de la actualidad.<\/p>\n\n\n\n<p>El carism\u00e1tico artista sorprendi\u00f3 a sus seguidores con cada paso de baile, lo que desat\u00f3 la euforia de sus fans, quienes no dejaron de gritar y aplaudir a cada instante.<\/p>\n\n\n\n<p>Sin duda este festival quedar\u00e1 grabado en el recuerdo de todos los asistentes como una noche de m\u00fasica, baile y emociones, el cual une a la comunidad y celebra la vitalidad de la juventud en esta ciudad.<\/p>\n\n\n\n<p>A\u00fan queda mucha m\u00fasica por disfrutar en el Foro del Artista como parte de la Feria de Huamantla 2023, que se consolida como la m\u00e1s importante de su historia por la calidad de sus eventos, y la respuesta de la gente.<\/p>\n","protected":false},"excerpt":{"rendered":"<p>Miles de j\u00f3venes se dieron cita en el Foro del Artista de la Feria Internacional del Arte Ef\u00edmero y la Dalia 2023, para disfrutar del &#8220;Festival de la Juventud&#8221;, con la presentaci\u00f3n especial de Mario Bautista. El escenario se llen\u00f3 de energ\u00eda y entusiasmo, desde la presentaci\u00f3n de talentos locales que encendieron los \u00e1nimos del [&hellip;]<\/p>\n","protected":false},"author":2,"featured_media":1262,"comment_status":"open","ping_status":"open","sticky":false,"template":"","format":"standard","meta":{"_themeisle_gutenberg_block_has_review":false,"footnotes":""},"categories":[26],"tags":[618,617],"class_list":["post-1261","post","type-post","status-publish","format-standard","has-post-thumbnail","hentry","category-municipio","tag-festival-de-la-juventud-huamantla","tag-mario-bautista-en-huamantla"],"_links":{"self":[{"href":"https:\/\/enminutostlx.com\/index.php?rest_route=\/wp\/v2\/posts\/1261","targetHints":{"allow":["GET"]}}],"collection":[{"href":"https:\/\/enminutostlx.com\/index.php?rest_route=\/wp\/v2\/posts"}],"about":[{"href":"https:\/\/enminutostlx.com\/index.php?rest_route=\/wp\/v2\/types\/post"}],"author":[{"embeddable":true,"href":"https:\/\/enminutostlx.com\/index.php?rest_route=\/wp\/v2\/users\/2"}],"replies":[{"embeddable":true,"href":"https:\/\/enminutostlx.com\/index.php?rest_route=%2Fwp%2Fv2%2Fcomments&post=1261"}],"version-history":[{"count":1,"href":"https:\/\/enminutostlx.com\/index.php?rest_route=\/wp\/v2\/posts\/1261\/revisions"}],"predecessor-version":[{"id":1263,"href":"https:\/\/enminutostlx.com\/index.php?rest_route=\/wp\/v2\/posts\/1261\/revisions\/1263"}],"wp:featuredmedia":[{"embeddable":true,"href":"https:\/\/enminutostlx.com\/index.php?rest_route=\/wp\/v2\/media\/1262"}],"wp:attachment":[{"href":"https:\/\/enminutostlx.com\/index.php?rest_route=%2Fwp%2Fv2%2Fmedia&parent=1261"}],"wp:term":[{"taxonomy":"category","embeddable":true,"href":"https:\/\/enminutostlx.com\/index.php?rest_route=%2Fwp%2Fv2%2Fcategories&post=1261"},{"taxonomy":"post_tag","embeddable":true,"href":"https:\/\/enminutostlx.com\/index.php?rest_route=%2Fwp%2Fv2%2Ftags&post=1261"}],"curies":[{"name":"wp","href":"https:\/\/api.w.org\/{rel}","templated":true}]}}