{"id":1276,"date":"2023-08-23T00:56:50","date_gmt":"2023-08-23T00:56:50","guid":{"rendered":"https:\/\/enminutostlx.com\/?p=1276"},"modified":"2023-08-23T13:15:49","modified_gmt":"2023-08-23T13:15:49","slug":"invita-ayuntamiento-de-huamantla-al-concierto-del-coro-de-clarinetes-de-mexico","status":"publish","type":"post","link":"https:\/\/enminutostlx.com\/?p=1276","title":{"rendered":"INVITA AYUNTAMIENTO DE HUAMANTLA AL CONCIERTO DEL CORO DE CLARINETES DE M\u00c9XICO"},"content":{"rendered":"\n<p>Con el prop\u00f3sito de enriquecer la vida cultural de nuestra comunidad y celebrar la diversidad de las artes en todas sus expresiones, el H. Ayuntamiento de Huamantla que preside Salvador Santos Cedillo, a trav\u00e9s de la Coordinaci\u00f3n de Cultura, invita a la ciudadan\u00eda en general al \u201cConcierto del Coro de Clarinetes de M\u00e9xico\u201d, que forma parte de las actividades de la Feria Internacional del Arte Ef\u00edmero y la Dalia 2023.<\/p>\n\n\n\n<p>El escenario de este concierto se ubicar\u00e1 en la parroquia de San Luis Obispo, este viernes 25 de agosto a las 17:30 horas, es importante destacar que el acceso ser\u00e1 libre.<\/p>\n\n\n\n<p>Las autoridades municipales se\u00f1alan que las familias locales y visitantes disfrutar\u00e1n de un viaje sonoro excepcional, donde la destreza y la pasi\u00f3n de estos talentosos m\u00fasicos se fusionar\u00e1n en armon\u00eda, envolviendo a todos los presentes en una experiencia musical \u00fanica.<\/p>\n\n\n\n<p>De esta manera, el gobierno municipal impulsa actividades culturales de gran prestigio para acercar la cultura y las bellas artes a las y los huamantlecos.<\/p>\n","protected":false},"excerpt":{"rendered":"<p>Con el prop\u00f3sito de enriquecer la vida cultural de nuestra comunidad y celebrar la diversidad de las artes en todas sus expresiones, el H. Ayuntamiento de Huamantla que preside Salvador Santos Cedillo, a trav\u00e9s de la Coordinaci\u00f3n de Cultura, invita a la ciudadan\u00eda en general al \u201cConcierto del Coro de Clarinetes de M\u00e9xico\u201d, que forma [&hellip;]<\/p>\n","protected":false},"author":2,"featured_media":1277,"comment_status":"open","ping_status":"open","sticky":false,"template":"","format":"standard","meta":{"_themeisle_gutenberg_block_has_review":false,"footnotes":""},"categories":[26],"tags":[622],"class_list":["post-1276","post","type-post","status-publish","format-standard","has-post-thumbnail","hentry","category-municipio","tag-concierto-de-musica-clasica"],"_links":{"self":[{"href":"https:\/\/enminutostlx.com\/index.php?rest_route=\/wp\/v2\/posts\/1276","targetHints":{"allow":["GET"]}}],"collection":[{"href":"https:\/\/enminutostlx.com\/index.php?rest_route=\/wp\/v2\/posts"}],"about":[{"href":"https:\/\/enminutostlx.com\/index.php?rest_route=\/wp\/v2\/types\/post"}],"author":[{"embeddable":true,"href":"https:\/\/enminutostlx.com\/index.php?rest_route=\/wp\/v2\/users\/2"}],"replies":[{"embeddable":true,"href":"https:\/\/enminutostlx.com\/index.php?rest_route=%2Fwp%2Fv2%2Fcomments&post=1276"}],"version-history":[{"count":1,"href":"https:\/\/enminutostlx.com\/index.php?rest_route=\/wp\/v2\/posts\/1276\/revisions"}],"predecessor-version":[{"id":1278,"href":"https:\/\/enminutostlx.com\/index.php?rest_route=\/wp\/v2\/posts\/1276\/revisions\/1278"}],"wp:featuredmedia":[{"embeddable":true,"href":"https:\/\/enminutostlx.com\/index.php?rest_route=\/wp\/v2\/media\/1277"}],"wp:attachment":[{"href":"https:\/\/enminutostlx.com\/index.php?rest_route=%2Fwp%2Fv2%2Fmedia&parent=1276"}],"wp:term":[{"taxonomy":"category","embeddable":true,"href":"https:\/\/enminutostlx.com\/index.php?rest_route=%2Fwp%2Fv2%2Fcategories&post=1276"},{"taxonomy":"post_tag","embeddable":true,"href":"https:\/\/enminutostlx.com\/index.php?rest_route=%2Fwp%2Fv2%2Ftags&post=1276"}],"curies":[{"name":"wp","href":"https:\/\/api.w.org\/{rel}","templated":true}]}}