{"id":1285,"date":"2023-08-23T01:36:13","date_gmt":"2023-08-23T01:36:13","guid":{"rendered":"https:\/\/enminutostlx.com\/?p=1285"},"modified":"2023-08-23T13:13:46","modified_gmt":"2023-08-23T13:13:46","slug":"tocatlan-espectacular-cierre-de-feria-en-tocatlan","status":"publish","type":"post","link":"https:\/\/enminutostlx.com\/?p=1285","title":{"rendered":"Tocatl\u00e1n | Espectacular cierre de feria en Tocatl\u00e1n."},"content":{"rendered":"\n<p>Este fin de semana se realiz\u00f3 con \u00e9xito total el cierre de feria Tocatl\u00e1n 2023, con la presentaci\u00f3n estelar de \u201cEl Gran Silencio\u201d.<\/p>\n\n\n\n<p>Ah\u00ed, propios y visitantes vivieron momentos espectaculares con la presentaci\u00f3n de diferente a agrupaciones de ska.<\/p>\n\n\n\n<p>El alcalde, Quirino Torres Hern\u00e1ndez, agradeci\u00f3 la participaci\u00f3n de toda la ciudadan\u00eda y de quienes visitaron la feria, que ha ido creciendo considerablemente por la calidad de eventos.<\/p>\n\n\n\n<p>Se\u00f1al\u00f3 su \u00faltima feria 2024, superar\u00e1 las expectativas por mucho, dejando un gran legado en la historia de Tocatl\u00e1n.<\/p>\n","protected":false},"excerpt":{"rendered":"<p>Este fin de semana se realiz\u00f3 con \u00e9xito total el cierre de feria Tocatl\u00e1n 2023, con la presentaci\u00f3n estelar de \u201cEl Gran Silencio\u201d. Ah\u00ed, propios y visitantes vivieron momentos espectaculares con la presentaci\u00f3n de diferente a agrupaciones de ska. El alcalde, Quirino Torres Hern\u00e1ndez, agradeci\u00f3 la participaci\u00f3n de toda la ciudadan\u00eda y de quienes visitaron [&hellip;]<\/p>\n","protected":false},"author":2,"featured_media":1286,"comment_status":"open","ping_status":"open","sticky":false,"template":"","format":"standard","meta":{"_themeisle_gutenberg_block_has_review":false,"footnotes":""},"categories":[26],"tags":[623,122,176],"class_list":["post-1285","post","type-post","status-publish","format-standard","has-post-thumbnail","hentry","category-municipio","tag-cuerre","tag-feria","tag-tocatlan"],"_links":{"self":[{"href":"https:\/\/enminutostlx.com\/index.php?rest_route=\/wp\/v2\/posts\/1285","targetHints":{"allow":["GET"]}}],"collection":[{"href":"https:\/\/enminutostlx.com\/index.php?rest_route=\/wp\/v2\/posts"}],"about":[{"href":"https:\/\/enminutostlx.com\/index.php?rest_route=\/wp\/v2\/types\/post"}],"author":[{"embeddable":true,"href":"https:\/\/enminutostlx.com\/index.php?rest_route=\/wp\/v2\/users\/2"}],"replies":[{"embeddable":true,"href":"https:\/\/enminutostlx.com\/index.php?rest_route=%2Fwp%2Fv2%2Fcomments&post=1285"}],"version-history":[{"count":1,"href":"https:\/\/enminutostlx.com\/index.php?rest_route=\/wp\/v2\/posts\/1285\/revisions"}],"predecessor-version":[{"id":1287,"href":"https:\/\/enminutostlx.com\/index.php?rest_route=\/wp\/v2\/posts\/1285\/revisions\/1287"}],"wp:featuredmedia":[{"embeddable":true,"href":"https:\/\/enminutostlx.com\/index.php?rest_route=\/wp\/v2\/media\/1286"}],"wp:attachment":[{"href":"https:\/\/enminutostlx.com\/index.php?rest_route=%2Fwp%2Fv2%2Fmedia&parent=1285"}],"wp:term":[{"taxonomy":"category","embeddable":true,"href":"https:\/\/enminutostlx.com\/index.php?rest_route=%2Fwp%2Fv2%2Fcategories&post=1285"},{"taxonomy":"post_tag","embeddable":true,"href":"https:\/\/enminutostlx.com\/index.php?rest_route=%2Fwp%2Fv2%2Ftags&post=1285"}],"curies":[{"name":"wp","href":"https:\/\/api.w.org\/{rel}","templated":true}]}}