{"id":1304,"date":"2023-08-24T05:01:10","date_gmt":"2023-08-24T05:01:10","guid":{"rendered":"https:\/\/enminutostlx.com\/?p=1304"},"modified":"2023-08-28T19:32:37","modified_gmt":"2023-08-28T19:32:37","slug":"anuncia-salvador-santos-cedillo-una-nueva-entrega-de-boletos-para-moderatto-en-el-foro-del-artista","status":"publish","type":"post","link":"https:\/\/enminutostlx.com\/?p=1304","title":{"rendered":"ANUNCIA SALVADOR SANTOS CEDILLO UNA NUEVA ENTREGA DE BOLETOS PARA MODERATTO EN EL FORO DEL ARTISTA"},"content":{"rendered":"\n<p>A trav\u00e9s de sus redes sociales, el presidente municipal de Huamantla, Salvador Santos Cedillo, inform\u00f3 que este jueves 24 de agosto se entregar\u00e1n m\u00e1s boletos para el concierto de Moderatto en el Foro del Artista.<\/p>\n\n\n\n<p>Como parte de las presentaciones art\u00edsticas gratuitas de la Feria Internacional del Arte a Ef\u00edmero y la Dalia Huamantla 2023, y gracias a la gran respuesta de la gente, Santos Cedillo, mencion\u00f3 que se entregar\u00e1n mil boletos en el escenario colocado en el pasillo central del Recinto Ferial a las 17:00 horas.<\/p>\n\n\n\n<p>Resalt\u00f3 que esta ubicaci\u00f3n fue seleccionada para evitar las condiciones clim\u00e1ticas del sol o posible lluvia, y evitar duplicar filas con las personas que a esa hora empiezan a ingresar al Foro del Artista.<\/p>\n\n\n\n<p>Finalmente, el edil de Huamantla, se\u00f1al\u00f3 que con este concierto se cierra incre\u00edblemente el \u00faltimo fin de semana de la Feria Huamantla 2023.<\/p>\n","protected":false},"excerpt":{"rendered":"<p>A trav\u00e9s de sus redes sociales, el presidente municipal de Huamantla, Salvador Santos Cedillo, inform\u00f3 que este jueves 24 de agosto se entregar\u00e1n m\u00e1s boletos para el concierto de Moderatto en el Foro del Artista. Como parte de las presentaciones art\u00edsticas gratuitas de la Feria Internacional del Arte a Ef\u00edmero y la Dalia Huamantla 2023, [&hellip;]<\/p>\n","protected":false},"author":2,"featured_media":1305,"comment_status":"open","ping_status":"open","sticky":false,"template":"","format":"standard","meta":{"_themeisle_gutenberg_block_has_review":false,"footnotes":""},"categories":[26],"tags":[634,633],"class_list":["post-1304","post","type-post","status-publish","format-standard","has-post-thumbnail","hentry","category-municipio","tag-feria-internacional-de-huamantla","tag-moderado-en-huamantla"],"_links":{"self":[{"href":"https:\/\/enminutostlx.com\/index.php?rest_route=\/wp\/v2\/posts\/1304","targetHints":{"allow":["GET"]}}],"collection":[{"href":"https:\/\/enminutostlx.com\/index.php?rest_route=\/wp\/v2\/posts"}],"about":[{"href":"https:\/\/enminutostlx.com\/index.php?rest_route=\/wp\/v2\/types\/post"}],"author":[{"embeddable":true,"href":"https:\/\/enminutostlx.com\/index.php?rest_route=\/wp\/v2\/users\/2"}],"replies":[{"embeddable":true,"href":"https:\/\/enminutostlx.com\/index.php?rest_route=%2Fwp%2Fv2%2Fcomments&post=1304"}],"version-history":[{"count":1,"href":"https:\/\/enminutostlx.com\/index.php?rest_route=\/wp\/v2\/posts\/1304\/revisions"}],"predecessor-version":[{"id":1306,"href":"https:\/\/enminutostlx.com\/index.php?rest_route=\/wp\/v2\/posts\/1304\/revisions\/1306"}],"wp:featuredmedia":[{"embeddable":true,"href":"https:\/\/enminutostlx.com\/index.php?rest_route=\/wp\/v2\/media\/1305"}],"wp:attachment":[{"href":"https:\/\/enminutostlx.com\/index.php?rest_route=%2Fwp%2Fv2%2Fmedia&parent=1304"}],"wp:term":[{"taxonomy":"category","embeddable":true,"href":"https:\/\/enminutostlx.com\/index.php?rest_route=%2Fwp%2Fv2%2Fcategories&post=1304"},{"taxonomy":"post_tag","embeddable":true,"href":"https:\/\/enminutostlx.com\/index.php?rest_route=%2Fwp%2Fv2%2Ftags&post=1304"}],"curies":[{"name":"wp","href":"https:\/\/api.w.org\/{rel}","templated":true}]}}