{"id":1307,"date":"2023-08-24T15:56:13","date_gmt":"2023-08-24T15:56:13","guid":{"rendered":"https:\/\/enminutostlx.com\/?p=1307"},"modified":"2023-08-28T19:32:24","modified_gmt":"2023-08-28T19:32:24","slug":"huamantla-sera-anfitrion-del-encuentro-nacional-de-arte-y-cultura-del-tecnologico-nacional-de-mexico","status":"publish","type":"post","link":"https:\/\/enminutostlx.com\/?p=1307","title":{"rendered":"HUAMANTLA SER\u00c1 ANFITRI\u00d3N DEL ENCUENTRO NACIONAL DE ARTE Y CULTURA DEL TECNOL\u00d3GICO NACIONAL DE M\u00c9XICO"},"content":{"rendered":"\n<p>\u00b7 Del 24 al 26 de agosto, el Pueblo M\u00e1gico recibir\u00e1 a 76 planteles de todo el pa\u00eds con actividades art\u00edsticas y culturales.<\/p>\n\n\n\n<p>Como parte del XXXIX Encuentro Nacional de Arte y Cultura del Tecnol\u00f3gico Nacional de M\u00e9xico, el Pueblo M\u00e1gico de Huamantla recibir\u00e1 a alumnos de 76 planteles de todo el pa\u00eds con actividades art\u00edsticas y culturales.<\/p>\n\n\n\n<p>La coordinadora de Cultura del Municipio, Isabel Aquino Romero, mencion\u00f3 que Huamantla ser\u00e1 anfitri\u00f3n de las expresiones art\u00edsticas de los estudiantes en la renovada Ex Cancha 13, a partir de las 11:00 horas los d\u00edas 24, 25 y 26 de agosto, la entrada es libre.<\/p>\n\n\n\n<p>Abund\u00f3 que, los contingentes de alumnos de los diferentes Institutos Tecnol\u00f3gicos participar\u00e1n con presentaciones de danza, m\u00fasica folcl\u00f3rica, rock, norte\u00f1o, ensamble y rondalla, por lo que invit\u00f3 a la poblaci\u00f3n a asistir y conocer la riqueza cultural que comparten otros estados con este Pueblo M\u00e1gico.<\/p>\n\n\n\n<p>Finalmente, Aquino Romero, se\u00f1al\u00f3 que el gobierno municipal que preside Salvador Santos Cedillo, coadyuva para dar a conocer las tradiciones y costumbres de diversas partes del pa\u00eds a trav\u00e9s de estas manifestaciones art\u00edsticas, al ser punto de encuentro de diferentes culturas.<\/p>\n","protected":false},"excerpt":{"rendered":"<p>\u00b7 Del 24 al 26 de agosto, el Pueblo M\u00e1gico recibir\u00e1 a 76 planteles de todo el pa\u00eds con actividades art\u00edsticas y culturales. Como parte del XXXIX Encuentro Nacional de Arte y Cultura del Tecnol\u00f3gico Nacional de M\u00e9xico, el Pueblo M\u00e1gico de Huamantla recibir\u00e1 a alumnos de 76 planteles de todo el pa\u00eds con actividades [&hellip;]<\/p>\n","protected":false},"author":2,"featured_media":1308,"comment_status":"open","ping_status":"open","sticky":false,"template":"","format":"standard","meta":{"_themeisle_gutenberg_block_has_review":false,"footnotes":""},"categories":[26],"tags":[635,31],"class_list":["post-1307","post","type-post","status-publish","format-standard","has-post-thumbnail","hentry","category-municipio","tag-ciencia-tecnologia","tag-huamantla"],"_links":{"self":[{"href":"https:\/\/enminutostlx.com\/index.php?rest_route=\/wp\/v2\/posts\/1307","targetHints":{"allow":["GET"]}}],"collection":[{"href":"https:\/\/enminutostlx.com\/index.php?rest_route=\/wp\/v2\/posts"}],"about":[{"href":"https:\/\/enminutostlx.com\/index.php?rest_route=\/wp\/v2\/types\/post"}],"author":[{"embeddable":true,"href":"https:\/\/enminutostlx.com\/index.php?rest_route=\/wp\/v2\/users\/2"}],"replies":[{"embeddable":true,"href":"https:\/\/enminutostlx.com\/index.php?rest_route=%2Fwp%2Fv2%2Fcomments&post=1307"}],"version-history":[{"count":1,"href":"https:\/\/enminutostlx.com\/index.php?rest_route=\/wp\/v2\/posts\/1307\/revisions"}],"predecessor-version":[{"id":1309,"href":"https:\/\/enminutostlx.com\/index.php?rest_route=\/wp\/v2\/posts\/1307\/revisions\/1309"}],"wp:featuredmedia":[{"embeddable":true,"href":"https:\/\/enminutostlx.com\/index.php?rest_route=\/wp\/v2\/media\/1308"}],"wp:attachment":[{"href":"https:\/\/enminutostlx.com\/index.php?rest_route=%2Fwp%2Fv2%2Fmedia&parent=1307"}],"wp:term":[{"taxonomy":"category","embeddable":true,"href":"https:\/\/enminutostlx.com\/index.php?rest_route=%2Fwp%2Fv2%2Fcategories&post=1307"},{"taxonomy":"post_tag","embeddable":true,"href":"https:\/\/enminutostlx.com\/index.php?rest_route=%2Fwp%2Fv2%2Ftags&post=1307"}],"curies":[{"name":"wp","href":"https:\/\/api.w.org\/{rel}","templated":true}]}}