{"id":1329,"date":"2023-08-29T03:14:14","date_gmt":"2023-08-29T03:14:14","guid":{"rendered":"https:\/\/enminutostlx.com\/?p=1329"},"modified":"2023-09-25T21:52:55","modified_gmt":"2023-09-25T21:52:55","slug":"con-eventos-de-talla-internacional-cierra-actividad-deportiva-la-feria-de-huamantla-2023","status":"publish","type":"post","link":"https:\/\/enminutostlx.com\/?p=1329","title":{"rendered":"CON EVENTOS DE TALLA INTERNACIONAL CIERRA ACTIVIDAD DEPORTIVA LA FERIA DE HUAMANTLA 2023"},"content":{"rendered":"\n<p>Con el Premio Miguel Arroyo y el torneo de exhibici\u00f3n \u201cCampeones Mundiales de Frontenis\u201d, se fortalece el esp\u00edritu deportivo de los huamantlecos.<\/p>\n\n\n\n<p>Con un importante n\u00famero de asistentes a la Unidad Deportiva \u201cMiguel Arroyo Rosales\u201d, se vivi\u00f3 el Torneo de exhibici\u00f3n \u201cCampeones Mundiales de Frontenis\u201d, con tenistas de alta categor\u00eda de diferentes partes de la Rep\u00fablica Mexicana, esto en el marco de la Feria Internacional del Arte Ef\u00edmero y la Dalia Huamantla 2023.<\/p>\n\n\n\n<p>La autoridad municipal resalt\u00f3 que los participantes en este torneo son deportistas que se encuentran dentro del ranking mundial de frontenis, y en esta Edici\u00f3n 149 de la Feria en honor a la Virgen de La Caridad, las y los huamantlecos pudieron disfrutar de un evento de talla internacional.<\/p>\n\n\n\n<p>De igual manera, el evento cicloturista m\u00e1s esperado se realiz\u00f3 con \u00e9xito en la Unidad Deportiva que lleva el nombre de la leyenda \u201cMiguel Arroyo Rosales\u201d, mejor conocido como \u00a8El Halc\u00f3n de Huamantla\u00a8, donde cientos de ciclistas pusieron a pruebas sus habilidades en un circuito de 40 kil\u00f3metros.<\/p>\n\n\n\n<p>La Feria de Huamantla 2023, ha logrado reconocimiento a nivel regional y nacional gracias a la calidad de sus eventos, art\u00edsticos, culturales y deportivos, que son una ventana al mundo de la riqueza hist\u00f3rica y tradicional que se vive en este Pueblo M\u00e1gico.<\/p>\n","protected":false},"excerpt":{"rendered":"<p>Con el Premio Miguel Arroyo y el torneo de exhibici\u00f3n \u201cCampeones Mundiales de Frontenis\u201d, se fortalece el esp\u00edritu deportivo de los huamantlecos. Con un importante n\u00famero de asistentes a la Unidad Deportiva \u201cMiguel Arroyo Rosales\u201d, se vivi\u00f3 el Torneo de exhibici\u00f3n \u201cCampeones Mundiales de Frontenis\u201d, con tenistas de alta categor\u00eda de diferentes partes de la [&hellip;]<\/p>\n","protected":false},"author":2,"featured_media":1330,"comment_status":"open","ping_status":"open","sticky":false,"template":"","format":"standard","meta":{"_themeisle_gutenberg_block_has_review":false,"footnotes":""},"categories":[26],"tags":[646,55,645],"class_list":["post-1329","post","type-post","status-publish","format-standard","has-post-thumbnail","hentry","category-municipio","tag-bicicletas","tag-deporte","tag-unidad-deportiva-huamantla"],"_links":{"self":[{"href":"https:\/\/enminutostlx.com\/index.php?rest_route=\/wp\/v2\/posts\/1329","targetHints":{"allow":["GET"]}}],"collection":[{"href":"https:\/\/enminutostlx.com\/index.php?rest_route=\/wp\/v2\/posts"}],"about":[{"href":"https:\/\/enminutostlx.com\/index.php?rest_route=\/wp\/v2\/types\/post"}],"author":[{"embeddable":true,"href":"https:\/\/enminutostlx.com\/index.php?rest_route=\/wp\/v2\/users\/2"}],"replies":[{"embeddable":true,"href":"https:\/\/enminutostlx.com\/index.php?rest_route=%2Fwp%2Fv2%2Fcomments&post=1329"}],"version-history":[{"count":1,"href":"https:\/\/enminutostlx.com\/index.php?rest_route=\/wp\/v2\/posts\/1329\/revisions"}],"predecessor-version":[{"id":1331,"href":"https:\/\/enminutostlx.com\/index.php?rest_route=\/wp\/v2\/posts\/1329\/revisions\/1331"}],"wp:featuredmedia":[{"embeddable":true,"href":"https:\/\/enminutostlx.com\/index.php?rest_route=\/wp\/v2\/media\/1330"}],"wp:attachment":[{"href":"https:\/\/enminutostlx.com\/index.php?rest_route=%2Fwp%2Fv2%2Fmedia&parent=1329"}],"wp:term":[{"taxonomy":"category","embeddable":true,"href":"https:\/\/enminutostlx.com\/index.php?rest_route=%2Fwp%2Fv2%2Fcategories&post=1329"},{"taxonomy":"post_tag","embeddable":true,"href":"https:\/\/enminutostlx.com\/index.php?rest_route=%2Fwp%2Fv2%2Ftags&post=1329"}],"curies":[{"name":"wp","href":"https:\/\/api.w.org\/{rel}","templated":true}]}}