{"id":1335,"date":"2023-08-29T03:18:02","date_gmt":"2023-08-29T03:18:02","guid":{"rendered":"https:\/\/enminutostlx.com\/?p=1335"},"modified":"2023-09-25T21:51:47","modified_gmt":"2023-09-25T21:51:47","slug":"deleita-segunda-chileatoleada-en-la-feria-huamantla-2023","status":"publish","type":"post","link":"https:\/\/enminutostlx.com\/?p=1335","title":{"rendered":"DELEITA SEGUNDA \u201cCHILEATOLEADA\u201d EN LA FERIA HUAMANTLA 2023"},"content":{"rendered":"\n<p>El Gobierno Municipal de Huamantla, que preside Salvador Santos Cedillo, a trav\u00e9s de la Coordinaci\u00f3n de Agricultura y Desarrollo Rural, con gran \u00e9xito llev\u00f3 a cabo una edici\u00f3n m\u00e1s de la gran &#8220;Chileatoleada&#8221;, evento realizado en el marco de la Feria Internacional del Arte Ef\u00edmero y la Dalia 2023.<\/p>\n\n\n\n<p>En el \u00faltimo fin de semana de la Feria en honor a la Virgen de La Caridad, la explanada de la Presidencia Municipal de Huamantla, recibi\u00f3 a decenas de asistentes quienes tuvieron la oportunidad de disfrutar de este platillo que destaca en la cocina local tradicional.<\/p>\n\n\n\n<p>La coordinadora de Agricultura, Silvia Salazar, expres\u00f3 su agradecimiento a las talentosas cocineras que se encargaron de preparar este exquisito platillo, y por su dedicaci\u00f3n para preservar la identidad culinaria de Huamantla y la regi\u00f3n.<\/p>\n\n\n\n<p>Finalmente, las autoridades municipales entregaron reconocimientos a las y los cocineros participantes, y agradecieron al p\u00fablico que se hizo presente en este evento, en donde se honra la herencia gastron\u00f3mica que llena de orgullo a las y los huamantlecos.<\/p>\n","protected":false},"excerpt":{"rendered":"<p>El Gobierno Municipal de Huamantla, que preside Salvador Santos Cedillo, a trav\u00e9s de la Coordinaci\u00f3n de Agricultura y Desarrollo Rural, con gran \u00e9xito llev\u00f3 a cabo una edici\u00f3n m\u00e1s de la gran &#8220;Chileatoleada&#8221;, evento realizado en el marco de la Feria Internacional del Arte Ef\u00edmero y la Dalia 2023. En el \u00faltimo fin de semana [&hellip;]<\/p>\n","protected":false},"author":2,"featured_media":1336,"comment_status":"open","ping_status":"open","sticky":false,"template":"","format":"standard","meta":{"_themeisle_gutenberg_block_has_review":false,"footnotes":""},"categories":[26],"tags":[626,438,648],"class_list":["post-1335","post","type-post","status-publish","format-standard","has-post-thumbnail","hentry","category-municipio","tag-chileatole","tag-comida","tag-elotes"],"_links":{"self":[{"href":"https:\/\/enminutostlx.com\/index.php?rest_route=\/wp\/v2\/posts\/1335","targetHints":{"allow":["GET"]}}],"collection":[{"href":"https:\/\/enminutostlx.com\/index.php?rest_route=\/wp\/v2\/posts"}],"about":[{"href":"https:\/\/enminutostlx.com\/index.php?rest_route=\/wp\/v2\/types\/post"}],"author":[{"embeddable":true,"href":"https:\/\/enminutostlx.com\/index.php?rest_route=\/wp\/v2\/users\/2"}],"replies":[{"embeddable":true,"href":"https:\/\/enminutostlx.com\/index.php?rest_route=%2Fwp%2Fv2%2Fcomments&post=1335"}],"version-history":[{"count":1,"href":"https:\/\/enminutostlx.com\/index.php?rest_route=\/wp\/v2\/posts\/1335\/revisions"}],"predecessor-version":[{"id":1337,"href":"https:\/\/enminutostlx.com\/index.php?rest_route=\/wp\/v2\/posts\/1335\/revisions\/1337"}],"wp:featuredmedia":[{"embeddable":true,"href":"https:\/\/enminutostlx.com\/index.php?rest_route=\/wp\/v2\/media\/1336"}],"wp:attachment":[{"href":"https:\/\/enminutostlx.com\/index.php?rest_route=%2Fwp%2Fv2%2Fmedia&parent=1335"}],"wp:term":[{"taxonomy":"category","embeddable":true,"href":"https:\/\/enminutostlx.com\/index.php?rest_route=%2Fwp%2Fv2%2Fcategories&post=1335"},{"taxonomy":"post_tag","embeddable":true,"href":"https:\/\/enminutostlx.com\/index.php?rest_route=%2Fwp%2Fv2%2Ftags&post=1335"}],"curies":[{"name":"wp","href":"https:\/\/api.w.org\/{rel}","templated":true}]}}