{"id":1357,"date":"2023-09-01T04:00:03","date_gmt":"2023-09-01T04:00:03","guid":{"rendered":"https:\/\/enminutostlx.com\/?p=1357"},"modified":"2023-09-25T21:47:07","modified_gmt":"2023-09-25T21:47:07","slug":"con-un-dia-dedicado-a-las-y-los-ninos-cierra-con-exito-la-feria-huamantla-2023","status":"publish","type":"post","link":"https:\/\/enminutostlx.com\/?p=1357","title":{"rendered":"CON UN D\u00cdA DEDICADO A LAS Y LOS NI\u00d1OS CIERRA CON \u00c9XITO LA FERIA HUAMANTLA 2023"},"content":{"rendered":"\n<ul class=\"wp-block-list\">\n<li>Destaca el presidente municipal, Salvador Santos Cedillo, saldo blanco en los 31 d\u00edas de esta festividad en honor a la Virgen de La Caridad.<\/li>\n<\/ul>\n\n\n\n<p>Cientos de peque\u00f1os disfrutaron de un d\u00eda lleno de diversi\u00f3n, magia y m\u00fasica en el Festival de las y los Ni\u00f1os, que se realiz\u00f3 en el marco de la Feria Internacional del Arte Ef\u00edmero y la Dalia Huamantla 2023.<\/p>\n\n\n\n<p>El Foro del Artista contagiaba la alegr\u00eda de los peque\u00f1os que se asombraban con los trucos de magia del Mago Herrera, que interactu\u00f3 con el p\u00fablico en divertidas din\u00e1micas gan\u00e1ndose los aplausos y las risas de los asistentes.<\/p>\n\n\n\n<p>M\u00e1s tarde, Los Me\u00f1iques de la Casa pusieron a bailar a todos lo ni\u00f1os y a sus pap\u00e1s con canciones como \u201cBartolito\u201d, \u201cEl Baile del Sapito\u201d, \u201cLa Vaca Lola\u201d y \u201cBaila a lo Loco\u201d, donde los peque\u00f1os mostraron su entusiasmo cantando cada melod\u00eda de un amplio y divertido repertorio.<\/p>\n\n\n\n<p>Al interior del Recinto ferial, m\u00e1s peque\u00f1os disfrutaban de los juegos mec\u00e1nicos, algunos muy valientes acompa\u00f1ados por sus padres desafiaron las atracciones m\u00e1s emocionantes, con el que pasaron un d\u00eda inolvidable.<\/p>\n\n\n\n<p>Con este d\u00eda especial dedicado a las y los ni\u00f1os, el gobierno municipal que preside Salvador Santos Cedillo, cierra con broche de oro y saldo blanco la edici\u00f3n 149 de la Feria de Huamantla en honor a la Virgen de La Caridad, que gracias a la calidad de sus eventos se posiciona como una de las m\u00e1s importantes a nivel nacional.<\/p>\n","protected":false},"excerpt":{"rendered":"<p>Cientos de peque\u00f1os disfrutaron de un d\u00eda lleno de diversi\u00f3n, magia y m\u00fasica en el Festival de las y los Ni\u00f1os, que se realiz\u00f3 en el marco de la Feria Internacional del Arte Ef\u00edmero y la Dalia Huamantla 2023. El Foro del Artista contagiaba la alegr\u00eda de los peque\u00f1os que se asombraban con los trucos [&hellip;]<\/p>\n","protected":false},"author":2,"featured_media":1358,"comment_status":"open","ping_status":"open","sticky":false,"template":"","format":"standard","meta":{"_themeisle_gutenberg_block_has_review":false,"footnotes":""},"categories":[26],"tags":[634,659,647],"class_list":["post-1357","post","type-post","status-publish","format-standard","has-post-thumbnail","hentry","category-municipio","tag-feria-internacional-de-huamantla","tag-feria-ninos","tag-juegos-mecanicos"],"_links":{"self":[{"href":"https:\/\/enminutostlx.com\/index.php?rest_route=\/wp\/v2\/posts\/1357","targetHints":{"allow":["GET"]}}],"collection":[{"href":"https:\/\/enminutostlx.com\/index.php?rest_route=\/wp\/v2\/posts"}],"about":[{"href":"https:\/\/enminutostlx.com\/index.php?rest_route=\/wp\/v2\/types\/post"}],"author":[{"embeddable":true,"href":"https:\/\/enminutostlx.com\/index.php?rest_route=\/wp\/v2\/users\/2"}],"replies":[{"embeddable":true,"href":"https:\/\/enminutostlx.com\/index.php?rest_route=%2Fwp%2Fv2%2Fcomments&post=1357"}],"version-history":[{"count":1,"href":"https:\/\/enminutostlx.com\/index.php?rest_route=\/wp\/v2\/posts\/1357\/revisions"}],"predecessor-version":[{"id":1359,"href":"https:\/\/enminutostlx.com\/index.php?rest_route=\/wp\/v2\/posts\/1357\/revisions\/1359"}],"wp:featuredmedia":[{"embeddable":true,"href":"https:\/\/enminutostlx.com\/index.php?rest_route=\/wp\/v2\/media\/1358"}],"wp:attachment":[{"href":"https:\/\/enminutostlx.com\/index.php?rest_route=%2Fwp%2Fv2%2Fmedia&parent=1357"}],"wp:term":[{"taxonomy":"category","embeddable":true,"href":"https:\/\/enminutostlx.com\/index.php?rest_route=%2Fwp%2Fv2%2Fcategories&post=1357"},{"taxonomy":"post_tag","embeddable":true,"href":"https:\/\/enminutostlx.com\/index.php?rest_route=%2Fwp%2Fv2%2Ftags&post=1357"}],"curies":[{"name":"wp","href":"https:\/\/api.w.org\/{rel}","templated":true}]}}