{"id":1380,"date":"2023-09-03T00:26:26","date_gmt":"2023-09-03T00:26:26","guid":{"rendered":"https:\/\/enminutostlx.com\/?p=1380"},"modified":"2023-09-25T21:42:07","modified_gmt":"2023-09-25T21:42:07","slug":"realizan-en-tocatlan-fijacion-de-bando-de-fiestas-patrias","status":"publish","type":"post","link":"https:\/\/enminutostlx.com\/?p=1380","title":{"rendered":"Tocatl\u00e1n | Realizan en Tocatl\u00e1n fijaci\u00f3n de bando de fiestas patrias."},"content":{"rendered":"\n<p>El Presidente Municipal de Tocatl\u00e1n, Quirino Tirres Hern\u00e1ndez, encabez\u00f3 la ceremonia para realizar la colocaci\u00f3n de los bandos solemnes de fiestas patrias.<\/p>\n\n\n\n<p>El alcalde se\u00f1al\u00f3 que son fechas de suma importancia por lo que llam\u00f3 a redoblar medidas de seguridad para tener fiestas patrias en saldo blanco.<\/p>\n\n\n\n<p>Acompa\u00f1ado de integrantes del Cabildo y personal del ayuntamiento, realizaron la colocaci\u00f3n de los bandos solemnes que marca las fechas m\u00e1s importantes durante el mes de septiembre.<\/p>\n\n\n\n<p>El alcalde se\u00f1al\u00f3 que son fechas de suma importancia por lo que llam\u00f3 a redoblar medidasy de seguridad para tener fiestas patrias en saldo blanco.<\/p>\n\n\n\n<p><\/p>\n","protected":false},"excerpt":{"rendered":"<p>El Presidente Municipal de Tocatl\u00e1n, Quirino Tirres Hern\u00e1ndez, encabez\u00f3 la ceremonia para realizar la colocaci\u00f3n de los bandos solemnes de fiestas patrias. El alcalde se\u00f1al\u00f3 que son fechas de suma importancia por lo que llam\u00f3 a redoblar medidas de seguridad para tener fiestas patrias en saldo blanco. Acompa\u00f1ado de integrantes del Cabildo y personal del [&hellip;]<\/p>\n","protected":false},"author":2,"featured_media":1381,"comment_status":"open","ping_status":"open","sticky":false,"template":"","format":"standard","meta":{"_themeisle_gutenberg_block_has_review":false,"footnotes":""},"categories":[26],"tags":[668,667,178],"class_list":["post-1380","post","type-post","status-publish","format-standard","has-post-thumbnail","hentry","category-municipio","tag-bandos","tag-pega","tag-tocatlan-2"],"_links":{"self":[{"href":"https:\/\/enminutostlx.com\/index.php?rest_route=\/wp\/v2\/posts\/1380","targetHints":{"allow":["GET"]}}],"collection":[{"href":"https:\/\/enminutostlx.com\/index.php?rest_route=\/wp\/v2\/posts"}],"about":[{"href":"https:\/\/enminutostlx.com\/index.php?rest_route=\/wp\/v2\/types\/post"}],"author":[{"embeddable":true,"href":"https:\/\/enminutostlx.com\/index.php?rest_route=\/wp\/v2\/users\/2"}],"replies":[{"embeddable":true,"href":"https:\/\/enminutostlx.com\/index.php?rest_route=%2Fwp%2Fv2%2Fcomments&post=1380"}],"version-history":[{"count":2,"href":"https:\/\/enminutostlx.com\/index.php?rest_route=\/wp\/v2\/posts\/1380\/revisions"}],"predecessor-version":[{"id":1383,"href":"https:\/\/enminutostlx.com\/index.php?rest_route=\/wp\/v2\/posts\/1380\/revisions\/1383"}],"wp:featuredmedia":[{"embeddable":true,"href":"https:\/\/enminutostlx.com\/index.php?rest_route=\/wp\/v2\/media\/1381"}],"wp:attachment":[{"href":"https:\/\/enminutostlx.com\/index.php?rest_route=%2Fwp%2Fv2%2Fmedia&parent=1380"}],"wp:term":[{"taxonomy":"category","embeddable":true,"href":"https:\/\/enminutostlx.com\/index.php?rest_route=%2Fwp%2Fv2%2Fcategories&post=1380"},{"taxonomy":"post_tag","embeddable":true,"href":"https:\/\/enminutostlx.com\/index.php?rest_route=%2Fwp%2Fv2%2Ftags&post=1380"}],"curies":[{"name":"wp","href":"https:\/\/api.w.org\/{rel}","templated":true}]}}