{"id":1384,"date":"2023-09-03T00:35:37","date_gmt":"2023-09-03T00:35:37","guid":{"rendered":"https:\/\/enminutostlx.com\/?p=1384"},"modified":"2023-09-25T21:41:34","modified_gmt":"2023-09-25T21:41:34","slug":"terrenate-inaugura-edil-de-terrenate-mas-obras","status":"publish","type":"post","link":"https:\/\/enminutostlx.com\/?p=1384","title":{"rendered":"Terrenate | Inaugura edil de Terrenate m\u00e1s obras."},"content":{"rendered":"\n<p>El ayuntamiento de Terrenate, que encabeza Edgardo Olivares Cruz, la direcci\u00f3n de Obras Publicas y el Presidente de Comunidad Eustacio Briones, inauguraron el \u201cCanal de agua pluvial\u201d para la comunidad de Guadalupe Victoria.<\/p>\n\n\n\n<p>Dicha obra consistio en la construcci\u00f3n de canal hecho a base de muros de mamposter\u00eda y una plantilla de zampeado para la conducci\u00f3n de aguas pluviales, en el desag\u00fce principal de la comunidad.<\/p>\n\n\n\n<p>La Obra se realiz\u00f3 en dos etapas la primera etapa en el a\u00f1o 2022 con una meta de 100 Metros lineales de construcci\u00f3n, de igual manera este a\u00f1o se di\u00f3 por concluida la obra con una segunda etapa, siendo 20 Metros lineales de construcci\u00f3n m\u00e1s para su terminaci\u00f3n, durante las dos etapas se logr\u00f3 la construcci\u00f3n de 120 Metros lineales.<\/p>\n","protected":false},"excerpt":{"rendered":"<p>El ayuntamiento de Terrenate, que encabeza Edgardo Olivares Cruz, la direcci\u00f3n de Obras Publicas y el Presidente de Comunidad Eustacio Briones, inauguraron el \u201cCanal de agua pluvial\u201d para la comunidad de Guadalupe Victoria. Dicha obra consistio en la construcci\u00f3n de canal hecho a base de muros de mamposter\u00eda y una plantilla de zampeado para la [&hellip;]<\/p>\n","protected":false},"author":2,"featured_media":1385,"comment_status":"open","ping_status":"open","sticky":false,"template":"","format":"standard","meta":{"_themeisle_gutenberg_block_has_review":false,"footnotes":""},"categories":[26],"tags":[670,108,157],"class_list":["post-1384","post","type-post","status-publish","format-standard","has-post-thumbnail","hentry","category-municipio","tag-inauguracion-2","tag-obra","tag-terrenate"],"_links":{"self":[{"href":"https:\/\/enminutostlx.com\/index.php?rest_route=\/wp\/v2\/posts\/1384","targetHints":{"allow":["GET"]}}],"collection":[{"href":"https:\/\/enminutostlx.com\/index.php?rest_route=\/wp\/v2\/posts"}],"about":[{"href":"https:\/\/enminutostlx.com\/index.php?rest_route=\/wp\/v2\/types\/post"}],"author":[{"embeddable":true,"href":"https:\/\/enminutostlx.com\/index.php?rest_route=\/wp\/v2\/users\/2"}],"replies":[{"embeddable":true,"href":"https:\/\/enminutostlx.com\/index.php?rest_route=%2Fwp%2Fv2%2Fcomments&post=1384"}],"version-history":[{"count":1,"href":"https:\/\/enminutostlx.com\/index.php?rest_route=\/wp\/v2\/posts\/1384\/revisions"}],"predecessor-version":[{"id":1386,"href":"https:\/\/enminutostlx.com\/index.php?rest_route=\/wp\/v2\/posts\/1384\/revisions\/1386"}],"wp:featuredmedia":[{"embeddable":true,"href":"https:\/\/enminutostlx.com\/index.php?rest_route=\/wp\/v2\/media\/1385"}],"wp:attachment":[{"href":"https:\/\/enminutostlx.com\/index.php?rest_route=%2Fwp%2Fv2%2Fmedia&parent=1384"}],"wp:term":[{"taxonomy":"category","embeddable":true,"href":"https:\/\/enminutostlx.com\/index.php?rest_route=%2Fwp%2Fv2%2Fcategories&post=1384"},{"taxonomy":"post_tag","embeddable":true,"href":"https:\/\/enminutostlx.com\/index.php?rest_route=%2Fwp%2Fv2%2Ftags&post=1384"}],"curies":[{"name":"wp","href":"https:\/\/api.w.org\/{rel}","templated":true}]}}