{"id":1387,"date":"2023-09-03T01:18:31","date_gmt":"2023-09-03T01:18:31","guid":{"rendered":"https:\/\/enminutostlx.com\/?p=1387"},"modified":"2023-09-25T21:41:02","modified_gmt":"2023-09-25T21:41:02","slug":"terrenate-septiembre-es-el-mes-que-nos-caracteriza-y-nos-motiva-a-gritar-con-orgullo-viva-mexico-alcalde-de-terrenate","status":"publish","type":"post","link":"https:\/\/enminutostlx.com\/?p=1387","title":{"rendered":"Terrenate | \u201cSeptiembre es el mes que nos caracteriza y nos motiva a gritar con orgullo \u00a1viva M\u00e9xico!\u201d Alcalde de Terrenate."},"content":{"rendered":"\n<p>Este 1 de septiembre, el ayuntamiento de Terrenate encabezado por el Edgardo Isaac Olivares Cruz, en coordinaci\u00f3n con cabildo y personal del Ayuntamiento participaron en el acto c\u00edvico con motivo de la pega del Bando Solemne Conmemorativo a las Fiestas Patrias 2023 en el Municipio.<\/p>\n\n\n\n<p>Despu\u00e9s de rendir los honores a nuestro L\u00e1baro Patrio llevaron a cabo la tradicional pega de bandos solemnes, por las principales calles del municipio, en las cuales se anuncia de manera oficial las festividades que se realizar\u00e1n durante el mes patrio.<\/p>\n\n\n\n<p>Por lo que se extiende una cordial invitaci\u00f3n a la ciudadan\u00eda en general, para que puedan asistir y disfrutar, esta festividad, que nos representa como mexicanos.<\/p>\n","protected":false},"excerpt":{"rendered":"<p>Este 1 de septiembre, el ayuntamiento de Terrenate encabezado por el Edgardo Isaac Olivares Cruz, en coordinaci\u00f3n con cabildo y personal del Ayuntamiento participaron en el acto c\u00edvico con motivo de la pega del Bando Solemne Conmemorativo a las Fiestas Patrias 2023 en el Municipio. Despu\u00e9s de rendir los honores a nuestro L\u00e1baro Patrio llevaron [&hellip;]<\/p>\n","protected":false},"author":2,"featured_media":1388,"comment_status":"open","ping_status":"open","sticky":false,"template":"","format":"standard","meta":{"_themeisle_gutenberg_block_has_review":false,"footnotes":""},"categories":[26],"tags":[668,667,157],"class_list":["post-1387","post","type-post","status-publish","format-standard","has-post-thumbnail","hentry","category-municipio","tag-bandos","tag-pega","tag-terrenate"],"_links":{"self":[{"href":"https:\/\/enminutostlx.com\/index.php?rest_route=\/wp\/v2\/posts\/1387","targetHints":{"allow":["GET"]}}],"collection":[{"href":"https:\/\/enminutostlx.com\/index.php?rest_route=\/wp\/v2\/posts"}],"about":[{"href":"https:\/\/enminutostlx.com\/index.php?rest_route=\/wp\/v2\/types\/post"}],"author":[{"embeddable":true,"href":"https:\/\/enminutostlx.com\/index.php?rest_route=\/wp\/v2\/users\/2"}],"replies":[{"embeddable":true,"href":"https:\/\/enminutostlx.com\/index.php?rest_route=%2Fwp%2Fv2%2Fcomments&post=1387"}],"version-history":[{"count":1,"href":"https:\/\/enminutostlx.com\/index.php?rest_route=\/wp\/v2\/posts\/1387\/revisions"}],"predecessor-version":[{"id":1389,"href":"https:\/\/enminutostlx.com\/index.php?rest_route=\/wp\/v2\/posts\/1387\/revisions\/1389"}],"wp:featuredmedia":[{"embeddable":true,"href":"https:\/\/enminutostlx.com\/index.php?rest_route=\/wp\/v2\/media\/1388"}],"wp:attachment":[{"href":"https:\/\/enminutostlx.com\/index.php?rest_route=%2Fwp%2Fv2%2Fmedia&parent=1387"}],"wp:term":[{"taxonomy":"category","embeddable":true,"href":"https:\/\/enminutostlx.com\/index.php?rest_route=%2Fwp%2Fv2%2Fcategories&post=1387"},{"taxonomy":"post_tag","embeddable":true,"href":"https:\/\/enminutostlx.com\/index.php?rest_route=%2Fwp%2Fv2%2Ftags&post=1387"}],"curies":[{"name":"wp","href":"https:\/\/api.w.org\/{rel}","templated":true}]}}