{"id":1400,"date":"2023-09-04T04:32:11","date_gmt":"2023-09-04T04:32:11","guid":{"rendered":"https:\/\/enminutostlx.com\/?p=1400"},"modified":"2023-09-25T21:38:41","modified_gmt":"2023-09-25T21:38:41","slug":"disfruta-del-primer-fin-de-semana-de-septiembre-con-el-programa-cultural-dominguearte","status":"publish","type":"post","link":"https:\/\/enminutostlx.com\/?p=1400","title":{"rendered":"DISFRUTA DEL PRIMER FIN DE SEMANA DE SEPTIEMBRE CON EL PROGRAMA CULTURAL \u201cDOMINGUEARTE\u201d"},"content":{"rendered":"\n<p>El H. Ayuntamiento de Huamantla que preside Salvador Santos Cedillo, a trav\u00e9s de la Coordinaci\u00f3n de Cultura, invita a disfrutar del primer domingo del mes de septiembre con el Programa \u201cDominguearte\u201d, donde se presentar\u00e1 una cartelera art\u00edstica y cultural llena de actividades para todas las edades.<\/p>\n\n\n\n<p>Como cada fin de semana, las actividades programadas comenzar\u00e1n desde las 12:00 horas en el kiosco del Parque Ju\u00e1rez, con talleres de pintura infantil, ajedrez y juegos de mesa, cuyo prop\u00f3sito es brindar conocimientos y habilidades a los participantes, adem\u00e1s de pasar momentos divertidos.<\/p>\n\n\n\n<p>M\u00e1s tarde, a las 13:00 horas se contar\u00e1 con la presentaci\u00f3n de \u00c1ngel Corona, quien pondr\u00e1 a cantar a todos con sus canciones; asimismo, a las 14:00 horas se tendr\u00e1 el show de Sharon Maraver, un gran saxofononista que deleitar\u00e1 con cada una de sus melod\u00edas; y a las 15:00 horas estar\u00e1 en el escenario \u201cEl Gallo Giro\u201d cantante de m\u00fasica regional mexicana.<\/p>\n\n\n\n<p>Finalmente, la Coordinaci\u00f3n de Cultura del Gobierno de Huamantla, menciona que cada domingo se contar\u00e1 con una programaci\u00f3n distinta; por lo que invita a artistas, colectivos y artesanos a seguir participando en este espacio que es de todos los huamantlecos.<\/p>\n","protected":false},"excerpt":{"rendered":"<p>El H. Ayuntamiento de Huamantla que preside Salvador Santos Cedillo, a trav\u00e9s de la Coordinaci\u00f3n de Cultura, invita a disfrutar del primer domingo del mes de septiembre con el Programa \u201cDominguearte\u201d, donde se presentar\u00e1 una cartelera art\u00edstica y cultural llena de actividades para todas las edades. Como cada fin de semana, las actividades programadas comenzar\u00e1n [&hellip;]<\/p>\n","protected":false},"author":2,"featured_media":1401,"comment_status":"open","ping_status":"open","sticky":false,"template":"","format":"standard","meta":{"_themeisle_gutenberg_block_has_review":false,"footnotes":""},"categories":[26],"tags":[674,239,31],"class_list":["post-1400","post","type-post","status-publish","format-standard","has-post-thumbnail","hentry","category-municipio","tag-domingo-familiar","tag-dominguearte","tag-huamantla"],"_links":{"self":[{"href":"https:\/\/enminutostlx.com\/index.php?rest_route=\/wp\/v2\/posts\/1400","targetHints":{"allow":["GET"]}}],"collection":[{"href":"https:\/\/enminutostlx.com\/index.php?rest_route=\/wp\/v2\/posts"}],"about":[{"href":"https:\/\/enminutostlx.com\/index.php?rest_route=\/wp\/v2\/types\/post"}],"author":[{"embeddable":true,"href":"https:\/\/enminutostlx.com\/index.php?rest_route=\/wp\/v2\/users\/2"}],"replies":[{"embeddable":true,"href":"https:\/\/enminutostlx.com\/index.php?rest_route=%2Fwp%2Fv2%2Fcomments&post=1400"}],"version-history":[{"count":1,"href":"https:\/\/enminutostlx.com\/index.php?rest_route=\/wp\/v2\/posts\/1400\/revisions"}],"predecessor-version":[{"id":1402,"href":"https:\/\/enminutostlx.com\/index.php?rest_route=\/wp\/v2\/posts\/1400\/revisions\/1402"}],"wp:featuredmedia":[{"embeddable":true,"href":"https:\/\/enminutostlx.com\/index.php?rest_route=\/wp\/v2\/media\/1401"}],"wp:attachment":[{"href":"https:\/\/enminutostlx.com\/index.php?rest_route=%2Fwp%2Fv2%2Fmedia&parent=1400"}],"wp:term":[{"taxonomy":"category","embeddable":true,"href":"https:\/\/enminutostlx.com\/index.php?rest_route=%2Fwp%2Fv2%2Fcategories&post=1400"},{"taxonomy":"post_tag","embeddable":true,"href":"https:\/\/enminutostlx.com\/index.php?rest_route=%2Fwp%2Fv2%2Ftags&post=1400"}],"curies":[{"name":"wp","href":"https:\/\/api.w.org\/{rel}","templated":true}]}}