{"id":1415,"date":"2023-09-06T03:14:26","date_gmt":"2023-09-06T03:14:26","guid":{"rendered":"https:\/\/enminutostlx.com\/?p=1415"},"modified":"2023-09-25T21:35:41","modified_gmt":"2023-09-25T21:35:41","slug":"lleva-huamantla-su-riqueza-cultural-y-gastronomica-a-la-final-nacional-cocinero-del-ano-mexico-2023","status":"publish","type":"post","link":"https:\/\/enminutostlx.com\/?p=1415","title":{"rendered":"LLEVA HUAMANTLA SU RIQUEZA CULTURAL Y GASTRON\u00d3MICA A LA FINAL NACIONAL \u201cCOCINERO DEL A\u00d1O, M\u00c9XICO 2023\u201d"},"content":{"rendered":"\n<p>El H. Ayuntamiento de Huamantla que preside Salvador Santos Cedillo, llev\u00f3 la riqueza cultural y gastron\u00f3mica que posee el municipio a la Gran Final Nacional del concurso \u201cCocinero del A\u00f1o M\u00e9xico 2023\u201d, que se llev\u00f3 a cabo este d\u00eda en la Universidad Metropolitana de Tlaxcala (UMT).<\/p>\n\n\n\n<p>Las manos de artesanos huamantlecos avivaron este evento con el dise\u00f1o y elaboraci\u00f3n de un tapete a base de aserr\u00edn alusivo al evento, el cual maravill\u00f3 a chefs, sommeliers y expertos culinarios de diferentes partes del pa\u00eds, e incluso invitados especiales de Master Chef M\u00e9xico y de Espa\u00f1a, por su fina confecci\u00f3n y textura sin igual.<\/p>\n\n\n\n<p>De igual manera, el municipio particip\u00f3 con una muestra gastron\u00f3mica a trav\u00e9s de una de las cocineras tradicionales del municipio, la se\u00f1ora Flavia de Albino, quien llev\u00f3 productos a base de ma\u00edz, nopal y tuna para su degustaci\u00f3n y venta, con el prop\u00f3sito de dar a conocer la gran diversidad de platillos que se preparan con cultivos org\u00e1nicos y artesanales que se tienen en el Pueblo M\u00e1gico de Huamantla.<\/p>\n\n\n\n<p>En ese sentido, el presidente municipal Salvador Santos Cedillo, afirm\u00f3 sentirse orgulloso de que Huamantla est\u00e9 presente en eventos gastron\u00f3micos de alto reconocimiento y de talla mundial, ya que se comparte un poco de la grandeza tur\u00edstica, gastron\u00f3mica y cultural a importantes representantes de la cocina internacional.<\/p>\n","protected":false},"excerpt":{"rendered":"<p>El H. Ayuntamiento de Huamantla que preside Salvador Santos Cedillo, llev\u00f3 la riqueza cultural y gastron\u00f3mica que posee el municipio a la Gran Final Nacional del concurso \u201cCocinero del A\u00f1o M\u00e9xico 2023\u201d, que se llev\u00f3 a cabo este d\u00eda en la Universidad Metropolitana de Tlaxcala (UMT). Las manos de artesanos huamantlecos avivaron este evento con [&hellip;]<\/p>\n","protected":false},"author":2,"featured_media":1416,"comment_status":"open","ping_status":"open","sticky":false,"template":"","format":"standard","meta":{"_themeisle_gutenberg_block_has_review":false,"footnotes":""},"categories":[26],"tags":[682,681],"class_list":["post-1415","post","type-post","status-publish","format-standard","has-post-thumbnail","hentry","category-municipio","tag-cultura-huamantla","tag-riqueza-cultural"],"_links":{"self":[{"href":"https:\/\/enminutostlx.com\/index.php?rest_route=\/wp\/v2\/posts\/1415","targetHints":{"allow":["GET"]}}],"collection":[{"href":"https:\/\/enminutostlx.com\/index.php?rest_route=\/wp\/v2\/posts"}],"about":[{"href":"https:\/\/enminutostlx.com\/index.php?rest_route=\/wp\/v2\/types\/post"}],"author":[{"embeddable":true,"href":"https:\/\/enminutostlx.com\/index.php?rest_route=\/wp\/v2\/users\/2"}],"replies":[{"embeddable":true,"href":"https:\/\/enminutostlx.com\/index.php?rest_route=%2Fwp%2Fv2%2Fcomments&post=1415"}],"version-history":[{"count":1,"href":"https:\/\/enminutostlx.com\/index.php?rest_route=\/wp\/v2\/posts\/1415\/revisions"}],"predecessor-version":[{"id":1417,"href":"https:\/\/enminutostlx.com\/index.php?rest_route=\/wp\/v2\/posts\/1415\/revisions\/1417"}],"wp:featuredmedia":[{"embeddable":true,"href":"https:\/\/enminutostlx.com\/index.php?rest_route=\/wp\/v2\/media\/1416"}],"wp:attachment":[{"href":"https:\/\/enminutostlx.com\/index.php?rest_route=%2Fwp%2Fv2%2Fmedia&parent=1415"}],"wp:term":[{"taxonomy":"category","embeddable":true,"href":"https:\/\/enminutostlx.com\/index.php?rest_route=%2Fwp%2Fv2%2Fcategories&post=1415"},{"taxonomy":"post_tag","embeddable":true,"href":"https:\/\/enminutostlx.com\/index.php?rest_route=%2Fwp%2Fv2%2Ftags&post=1415"}],"curies":[{"name":"wp","href":"https:\/\/api.w.org\/{rel}","templated":true}]}}