{"id":1428,"date":"2023-09-06T19:18:32","date_gmt":"2023-09-06T19:18:32","guid":{"rendered":"https:\/\/enminutostlx.com\/?p=1428"},"modified":"2023-09-25T21:33:18","modified_gmt":"2023-09-25T21:33:18","slug":"cuapiaxtla-participa-ayuntamiento-de-cuapiaxtla-en-ceremonia-de-izamiento-de-bandera-en-la-capital-del-estado","status":"publish","type":"post","link":"https:\/\/enminutostlx.com\/?p=1428","title":{"rendered":"Cuapiaxtla | Participa ayuntamiento de Cuapiaxtla en ceremonia de izamiento de bandera en la capital del estado."},"content":{"rendered":"\n<p>Esta ma\u00f1ana el ayuntamiento de Cuapiaxtla que encabeza Antonio Romero Rodriguez, encabezaron la ceremonia c\u00edvica de honores e izamiento de la bandera de M\u00e9xico en la capital del estado.<\/p>\n\n\n\n<p>En la ceremonia la Presidenta del DIF de Cuapixtla, Denisse Guadalupe Romero, reconoci\u00f3 y record\u00f3 la entrega de quienes nos dieron patria y libertad.<\/p>\n\n\n\n<p>Invit\u00f3 a los integrantes del ayuntamiento a redoblar esfuerzos para hacer de las administraciones p\u00fablicas en servicio de la poblaci\u00f3n sin distorsionar la funci\u00f3n de cada servidor p\u00fablico.<\/p>\n\n\n\n<p>Ayuntamiento de Cuapiaxtla 2021-2024<\/p>\n","protected":false},"excerpt":{"rendered":"<p>Esta ma\u00f1ana el ayuntamiento de Cuapiaxtla que encabeza Antonio Romero Rodriguez, encabezaron la ceremonia c\u00edvica de honores e izamiento de la bandera de M\u00e9xico en la capital del estado. En la ceremonia la Presidenta del DIF de Cuapixtla, Denisse Guadalupe Romero, reconoci\u00f3 y record\u00f3 la entrega de quienes nos dieron patria y libertad. Invit\u00f3 a [&hellip;]<\/p>\n","protected":false},"author":2,"featured_media":1429,"comment_status":"open","ping_status":"open","sticky":false,"template":"","format":"standard","meta":{"_themeisle_gutenberg_block_has_review":false,"footnotes":""},"categories":[26],"tags":[685,172,686],"class_list":["post-1428","post","type-post","status-publish","format-standard","has-post-thumbnail","hentry","category-municipio","tag-bandera","tag-cuapiaxtla","tag-izamiento"],"_links":{"self":[{"href":"https:\/\/enminutostlx.com\/index.php?rest_route=\/wp\/v2\/posts\/1428","targetHints":{"allow":["GET"]}}],"collection":[{"href":"https:\/\/enminutostlx.com\/index.php?rest_route=\/wp\/v2\/posts"}],"about":[{"href":"https:\/\/enminutostlx.com\/index.php?rest_route=\/wp\/v2\/types\/post"}],"author":[{"embeddable":true,"href":"https:\/\/enminutostlx.com\/index.php?rest_route=\/wp\/v2\/users\/2"}],"replies":[{"embeddable":true,"href":"https:\/\/enminutostlx.com\/index.php?rest_route=%2Fwp%2Fv2%2Fcomments&post=1428"}],"version-history":[{"count":1,"href":"https:\/\/enminutostlx.com\/index.php?rest_route=\/wp\/v2\/posts\/1428\/revisions"}],"predecessor-version":[{"id":1430,"href":"https:\/\/enminutostlx.com\/index.php?rest_route=\/wp\/v2\/posts\/1428\/revisions\/1430"}],"wp:featuredmedia":[{"embeddable":true,"href":"https:\/\/enminutostlx.com\/index.php?rest_route=\/wp\/v2\/media\/1429"}],"wp:attachment":[{"href":"https:\/\/enminutostlx.com\/index.php?rest_route=%2Fwp%2Fv2%2Fmedia&parent=1428"}],"wp:term":[{"taxonomy":"category","embeddable":true,"href":"https:\/\/enminutostlx.com\/index.php?rest_route=%2Fwp%2Fv2%2Fcategories&post=1428"},{"taxonomy":"post_tag","embeddable":true,"href":"https:\/\/enminutostlx.com\/index.php?rest_route=%2Fwp%2Fv2%2Ftags&post=1428"}],"curies":[{"name":"wp","href":"https:\/\/api.w.org\/{rel}","templated":true}]}}