{"id":1519,"date":"2023-09-14T02:59:43","date_gmt":"2023-09-14T02:59:43","guid":{"rendered":"https:\/\/enminutostlx.com\/?p=1519"},"modified":"2023-10-02T15:33:18","modified_gmt":"2023-10-02T15:33:18","slug":"tequexquitla-vive-el-grito-de-dolores-en-tequexquitla-con-el-grupo-niche","status":"publish","type":"post","link":"https:\/\/enminutostlx.com\/?p=1519","title":{"rendered":"Tequexquitla | Vive el Grito de Dolores en Tequexquitla, con el grupo Niche."},"content":{"rendered":"\n<p>El ayuntamiento de El Carmen Tequexquitla, que encabeza, Araceli Mart\u00ednez Cort\u00e9z, invita a la ciudadan\u00eda a participar en las actividades del 15 de septiembre.<\/p>\n\n\n\n<p>A las 9:00 de la noche se inicia con la verbena popular con la presentaci\u00f3n de distintos grupos musicales y la actuaci\u00f3n estelar del Gurpo Niche.<\/p>\n\n\n\n<p>La alcaldesa, invita a propios y visitantes a vivir las fiestas patrias en total calma y responsabilidad, a fin de generar un ambiente 100% familiar.<\/p>\n","protected":false},"excerpt":{"rendered":"<p>El ayuntamiento de El Carmen Tequexquitla, que encabeza, Araceli Mart\u00ednez Cort\u00e9z, invita a la ciudadan\u00eda a participar en las actividades del 15 de septiembre. A las 9:00 de la noche se inicia con la verbena popular con la presentaci\u00f3n de distintos grupos musicales y la actuaci\u00f3n estelar del Gurpo Niche. La alcaldesa, invita a propios [&hellip;]<\/p>\n","protected":false},"author":2,"featured_media":1520,"comment_status":"open","ping_status":"open","sticky":false,"template":"","format":"standard","meta":{"_themeisle_gutenberg_block_has_review":false,"footnotes":""},"categories":[26],"tags":[730,731,359],"class_list":["post-1519","post","type-post","status-publish","format-standard","has-post-thumbnail","hentry","category-municipio","tag-grito","tag-independencia","tag-tequexquitla"],"_links":{"self":[{"href":"https:\/\/enminutostlx.com\/index.php?rest_route=\/wp\/v2\/posts\/1519","targetHints":{"allow":["GET"]}}],"collection":[{"href":"https:\/\/enminutostlx.com\/index.php?rest_route=\/wp\/v2\/posts"}],"about":[{"href":"https:\/\/enminutostlx.com\/index.php?rest_route=\/wp\/v2\/types\/post"}],"author":[{"embeddable":true,"href":"https:\/\/enminutostlx.com\/index.php?rest_route=\/wp\/v2\/users\/2"}],"replies":[{"embeddable":true,"href":"https:\/\/enminutostlx.com\/index.php?rest_route=%2Fwp%2Fv2%2Fcomments&post=1519"}],"version-history":[{"count":1,"href":"https:\/\/enminutostlx.com\/index.php?rest_route=\/wp\/v2\/posts\/1519\/revisions"}],"predecessor-version":[{"id":1521,"href":"https:\/\/enminutostlx.com\/index.php?rest_route=\/wp\/v2\/posts\/1519\/revisions\/1521"}],"wp:featuredmedia":[{"embeddable":true,"href":"https:\/\/enminutostlx.com\/index.php?rest_route=\/wp\/v2\/media\/1520"}],"wp:attachment":[{"href":"https:\/\/enminutostlx.com\/index.php?rest_route=%2Fwp%2Fv2%2Fmedia&parent=1519"}],"wp:term":[{"taxonomy":"category","embeddable":true,"href":"https:\/\/enminutostlx.com\/index.php?rest_route=%2Fwp%2Fv2%2Fcategories&post=1519"},{"taxonomy":"post_tag","embeddable":true,"href":"https:\/\/enminutostlx.com\/index.php?rest_route=%2Fwp%2Fv2%2Ftags&post=1519"}],"curies":[{"name":"wp","href":"https:\/\/api.w.org\/{rel}","templated":true}]}}