{"id":1522,"date":"2023-09-14T03:00:32","date_gmt":"2023-09-14T03:00:32","guid":{"rendered":"https:\/\/enminutostlx.com\/?p=1522"},"modified":"2023-10-02T15:32:43","modified_gmt":"2023-10-02T15:32:43","slug":"tequexquitla-participa-en-los-eventos-de-fiestas-patrias-en-tequexquitla","status":"publish","type":"post","link":"https:\/\/enminutostlx.com\/?p=1522","title":{"rendered":"Tequexquitla | Participa en los eventos de fiestas patrias en Tequexquitla."},"content":{"rendered":"\n<p>El ayuntamiento de El Carmen Tequexquitla que encabeza, Araceli Martinez Cortez, invita a participar en las actividades que habr\u00e1n de desarrollarse en el marco de las fiestas patrias.<\/p>\n\n\n\n<p>Este s\u00e1bado 16 de septiembre despu\u00e9s del desfile dar\u00e1 inicio la carrera de burros en el camino a la magueyera.<\/p>\n\n\n\n<p>Mientras que a las 12:00 del medio d\u00eda dar\u00e1 inicio la mini tequexquitlada sobre la calle Vicente Guerrero, en donde podr\u00e1n participar ni\u00f1os a partir de 8 a\u00f1os en adelante con supervisi\u00f3n de un adulto.<\/p>\n\n\n\n<p>El ayuntamiento no se hace responsable de cualquier percance durante el evento, todos participan bajo su propio riesgo.<\/p>\n","protected":false},"excerpt":{"rendered":"<p>El ayuntamiento de El Carmen Tequexquitla que encabeza, Araceli Martinez Cortez, invita a participar en las actividades que habr\u00e1n de desarrollarse en el marco de las fiestas patrias. Este s\u00e1bado 16 de septiembre despu\u00e9s del desfile dar\u00e1 inicio la carrera de burros en el camino a la magueyera. Mientras que a las 12:00 del medio [&hellip;]<\/p>\n","protected":false},"author":2,"featured_media":1523,"comment_status":"open","ping_status":"open","sticky":false,"template":"","format":"standard","meta":{"_themeisle_gutenberg_block_has_review":false,"footnotes":""},"categories":[26],"tags":[732,733,359],"class_list":["post-1522","post","type-post","status-publish","format-standard","has-post-thumbnail","hentry","category-municipio","tag-evwntos","tag-patrios","tag-tequexquitla"],"_links":{"self":[{"href":"https:\/\/enminutostlx.com\/index.php?rest_route=\/wp\/v2\/posts\/1522","targetHints":{"allow":["GET"]}}],"collection":[{"href":"https:\/\/enminutostlx.com\/index.php?rest_route=\/wp\/v2\/posts"}],"about":[{"href":"https:\/\/enminutostlx.com\/index.php?rest_route=\/wp\/v2\/types\/post"}],"author":[{"embeddable":true,"href":"https:\/\/enminutostlx.com\/index.php?rest_route=\/wp\/v2\/users\/2"}],"replies":[{"embeddable":true,"href":"https:\/\/enminutostlx.com\/index.php?rest_route=%2Fwp%2Fv2%2Fcomments&post=1522"}],"version-history":[{"count":1,"href":"https:\/\/enminutostlx.com\/index.php?rest_route=\/wp\/v2\/posts\/1522\/revisions"}],"predecessor-version":[{"id":1524,"href":"https:\/\/enminutostlx.com\/index.php?rest_route=\/wp\/v2\/posts\/1522\/revisions\/1524"}],"wp:featuredmedia":[{"embeddable":true,"href":"https:\/\/enminutostlx.com\/index.php?rest_route=\/wp\/v2\/media\/1523"}],"wp:attachment":[{"href":"https:\/\/enminutostlx.com\/index.php?rest_route=%2Fwp%2Fv2%2Fmedia&parent=1522"}],"wp:term":[{"taxonomy":"category","embeddable":true,"href":"https:\/\/enminutostlx.com\/index.php?rest_route=%2Fwp%2Fv2%2Fcategories&post=1522"},{"taxonomy":"post_tag","embeddable":true,"href":"https:\/\/enminutostlx.com\/index.php?rest_route=%2Fwp%2Fv2%2Ftags&post=1522"}],"curies":[{"name":"wp","href":"https:\/\/api.w.org\/{rel}","templated":true}]}}