{"id":1537,"date":"2023-09-14T03:22:28","date_gmt":"2023-09-14T03:22:28","guid":{"rendered":"https:\/\/enminutostlx.com\/?p=1537"},"modified":"2023-09-25T21:02:56","modified_gmt":"2023-09-25T21:02:56","slug":"cuapiaxtla-conmemoran-172-aniversario-de-la-gesta-heroica-de-los-ninos-heroes-de-chapultepec-en-cuapiaxtla","status":"publish","type":"post","link":"https:\/\/enminutostlx.com\/?p=1537","title":{"rendered":"Cuapiaxtla | Conmemoran 172 aniversario de la Gesta Heroica de los Ni\u00f1os H\u00e9roes de Chapultepec en Cuapiaxtla."},"content":{"rendered":"\n<p>El ayuntamiento de Cuapiaxtla que preside, Antonio Romero Rodr\u00edguez, acompa\u00f1ado de integrantes del ayuntamiento as\u00ed como instituciones educativas realizaron honores a los s\u00edmbolos patrios.<\/p>\n\n\n\n<p>Con motivo de la Gesta Heroica numero 172 de los Ni\u00f1os H\u00e9roes de Chapultepec, se realiz\u00f3 el pase de lista asi como el izamiento de la bandera a media asta en conmemoraci\u00f3n.<\/p>\n\n\n\n<p>La Presidenta del DIF Cuapiaxtla, Denisse Romero, reconoci\u00f3 a los h\u00e9roes que nos dieron patria y libertad, por lo que hizo el llamado a los j\u00f3venes a seguir en pie de lucha para tener un mejor municipio, estado y pa\u00eds.<\/p>\n","protected":false},"excerpt":{"rendered":"<p>El ayuntamiento de Cuapiaxtla que preside, Antonio Romero Rodr\u00edguez, acompa\u00f1ado de integrantes del ayuntamiento as\u00ed como instituciones educativas realizaron honores a los s\u00edmbolos patrios. Con motivo de la Gesta Heroica numero 172 de los Ni\u00f1os H\u00e9roes de Chapultepec, se realiz\u00f3 el pase de lista asi como el izamiento de la bandera a media asta en [&hellip;]<\/p>\n","protected":false},"author":2,"featured_media":1538,"comment_status":"open","ping_status":"open","sticky":false,"template":"","format":"standard","meta":{"_themeisle_gutenberg_block_has_review":false,"footnotes":""},"categories":[26],"tags":[172,738],"class_list":["post-1537","post","type-post","status-publish","format-standard","has-post-thumbnail","hentry","category-municipio","tag-cuapiaxtla","tag-gestheroica"],"_links":{"self":[{"href":"https:\/\/enminutostlx.com\/index.php?rest_route=\/wp\/v2\/posts\/1537","targetHints":{"allow":["GET"]}}],"collection":[{"href":"https:\/\/enminutostlx.com\/index.php?rest_route=\/wp\/v2\/posts"}],"about":[{"href":"https:\/\/enminutostlx.com\/index.php?rest_route=\/wp\/v2\/types\/post"}],"author":[{"embeddable":true,"href":"https:\/\/enminutostlx.com\/index.php?rest_route=\/wp\/v2\/users\/2"}],"replies":[{"embeddable":true,"href":"https:\/\/enminutostlx.com\/index.php?rest_route=%2Fwp%2Fv2%2Fcomments&post=1537"}],"version-history":[{"count":1,"href":"https:\/\/enminutostlx.com\/index.php?rest_route=\/wp\/v2\/posts\/1537\/revisions"}],"predecessor-version":[{"id":1539,"href":"https:\/\/enminutostlx.com\/index.php?rest_route=\/wp\/v2\/posts\/1537\/revisions\/1539"}],"wp:featuredmedia":[{"embeddable":true,"href":"https:\/\/enminutostlx.com\/index.php?rest_route=\/wp\/v2\/media\/1538"}],"wp:attachment":[{"href":"https:\/\/enminutostlx.com\/index.php?rest_route=%2Fwp%2Fv2%2Fmedia&parent=1537"}],"wp:term":[{"taxonomy":"category","embeddable":true,"href":"https:\/\/enminutostlx.com\/index.php?rest_route=%2Fwp%2Fv2%2Fcategories&post=1537"},{"taxonomy":"post_tag","embeddable":true,"href":"https:\/\/enminutostlx.com\/index.php?rest_route=%2Fwp%2Fv2%2Ftags&post=1537"}],"curies":[{"name":"wp","href":"https:\/\/api.w.org\/{rel}","templated":true}]}}