{"id":1564,"date":"2023-09-15T04:30:53","date_gmt":"2023-09-15T04:30:53","guid":{"rendered":"https:\/\/enminutostlx.com\/?p=1564"},"modified":"2023-09-25T20:58:56","modified_gmt":"2023-09-25T20:58:56","slug":"invita-ayuntamiento-de-huamantla-a-vivir-el-grito-de-independencia-con-seguridad-y-orgullo","status":"publish","type":"post","link":"https:\/\/enminutostlx.com\/?p=1564","title":{"rendered":"INVITA AYUNTAMIENTO DE HUAMANTLA A VIVIR EL GRITO DE INDEPENDENCIA CON SEGURIDAD Y ORGULLO"},"content":{"rendered":"\n<p>Se contar\u00e1 con la presentaci\u00f3n especial del cantante V\u00edctor Garc\u00eda como parte del elenco art\u00edstico de la verbena popular.<\/p>\n\n\n\n<p>La Direcci\u00f3n de Seguridad P\u00fablica de Huamantla, desplegar\u00e1 un dispositivo de seguridad en el primer cuadro de la ciudad y en las 39 comunidades.<\/p>\n\n\n\n<p>El gobierno municipal que preside Salvador Santos Cedillo, invita a las y los huamantlecos a disfrutar de las diversas actividades que se realizar\u00e1n para conmemorar el 213 aniversario del Inicio de la Independencia de M\u00e9xico.<\/p>\n\n\n\n<p>La autoridad municipal inform\u00f3 que, a partir de las 19:00 horas, iniciar\u00e1n las actividades art\u00edsticas con mariachis, un ballet folcl\u00f3rico, y m\u00e1s tarde la presentaci\u00f3n estelar del cantante V\u00edctor Garc\u00eda, esto en el escenario principal colocado en la esquina del Parque Ju\u00e1rez.<\/p>\n\n\n\n<p>De igual manera, las familias podr\u00e1n disfrutar de ricos antojitos mexicanos en la verbena popular que se realizar\u00e1 frente a la Exposici\u00f3n Muralista en Tinacos \u201cPasado y Presente\u201d de Huamantla.<\/p>\n\n\n\n<p>En ese sentido, la Direcci\u00f3n de Seguridad P\u00fablica, Tr\u00e1nsito y Protecci\u00f3n Civil, informa que se desplegar\u00e1 un dispositivo de seguridad en el primer cuadro de la ciudad donde se realizar\u00e1 el acto conmemorativo, y en las 39 comunidades que integran el municipio.<\/p>\n\n\n\n<p>Para los festejos en la cabecera municipal, las \u00fanicas entradas al Parque Ju\u00e1rez ser\u00e1n por la calle Ignacio Zaragoza, esquina con Ju\u00e1rez, por la calle Hidalgo, esquina con Reforma, y por el Portal sobre la calle Ju\u00e1rez; el callej\u00f3n Margarita Maza de Ju\u00e1rez permanecer\u00e1 cerrado.<\/p>\n\n\n\n<p>La autoridad municipal se\u00f1ala que ser\u00e1n instalados filtros de seguridad, donde polic\u00edas municipales evitar\u00e1n el ingreso a personas con objetos punzocortantes, cualquier tipo de arma, cinturones con hebillas grandes, o con bebidas alcoh\u00f3licas.<\/p>\n\n\n\n<p>Para garantizar una estancia segura en estas fiestas patrias, la Coordinaci\u00f3n de Protecci\u00f3n Civil de Huamantla, emite las siguientes recomendaciones: al ingresar al parque, identificar los puestos de auxilio, sujetar de la mano en todo momento a los menores de edad, usar ropa abrigadora, y asegurarse de que sus veh\u00edculos est\u00e9n bien cerrados al dejarlos estacionados.<\/p>\n\n\n\n<p>En caso de hacerse acompa\u00f1ar por personas de la tercera edad, estar pendientes de ellas, evitar acudir con bultos, y mantener el respeto hacia las dem\u00e1s personas para vivir una fiesta mexicana alegre, segura y en armon\u00eda.<\/p>\n\n\n\n<p>En caso de presentarse alguna eventualidad, se pone a disposici\u00f3n los siguientes n\u00fameros telef\u00f3nicos: (247) 472-20-76, (247) 472-00-47, as\u00ed como (246) 980-15-43 y (800) 953- 98-85, los cuales se mantienen activos las 24 horas del d\u00eda.<\/p>\n","protected":false},"excerpt":{"rendered":"<p>Se contar\u00e1 con la presentaci\u00f3n especial del cantante V\u00edctor Garc\u00eda como parte del elenco art\u00edstico de la verbena popular. La Direcci\u00f3n de Seguridad P\u00fablica de Huamantla, desplegar\u00e1 un dispositivo de seguridad en el primer cuadro de la ciudad y en las 39 comunidades. El gobierno municipal que preside Salvador Santos Cedillo, invita a las y [&hellip;]<\/p>\n","protected":false},"author":2,"featured_media":1565,"comment_status":"open","ping_status":"open","sticky":false,"template":"","format":"standard","meta":{"_themeisle_gutenberg_block_has_review":false,"footnotes":""},"categories":[26],"tags":[750,752,749,31,751],"class_list":["post-1564","post","type-post","status-publish","format-standard","has-post-thumbnail","hentry","category-municipio","tag-15-de-septiembre","tag-fiestas-patrias","tag-grito-de-mexico","tag-huamantla","tag-victor-academia"],"_links":{"self":[{"href":"https:\/\/enminutostlx.com\/index.php?rest_route=\/wp\/v2\/posts\/1564","targetHints":{"allow":["GET"]}}],"collection":[{"href":"https:\/\/enminutostlx.com\/index.php?rest_route=\/wp\/v2\/posts"}],"about":[{"href":"https:\/\/enminutostlx.com\/index.php?rest_route=\/wp\/v2\/types\/post"}],"author":[{"embeddable":true,"href":"https:\/\/enminutostlx.com\/index.php?rest_route=\/wp\/v2\/users\/2"}],"replies":[{"embeddable":true,"href":"https:\/\/enminutostlx.com\/index.php?rest_route=%2Fwp%2Fv2%2Fcomments&post=1564"}],"version-history":[{"count":1,"href":"https:\/\/enminutostlx.com\/index.php?rest_route=\/wp\/v2\/posts\/1564\/revisions"}],"predecessor-version":[{"id":1566,"href":"https:\/\/enminutostlx.com\/index.php?rest_route=\/wp\/v2\/posts\/1564\/revisions\/1566"}],"wp:featuredmedia":[{"embeddable":true,"href":"https:\/\/enminutostlx.com\/index.php?rest_route=\/wp\/v2\/media\/1565"}],"wp:attachment":[{"href":"https:\/\/enminutostlx.com\/index.php?rest_route=%2Fwp%2Fv2%2Fmedia&parent=1564"}],"wp:term":[{"taxonomy":"category","embeddable":true,"href":"https:\/\/enminutostlx.com\/index.php?rest_route=%2Fwp%2Fv2%2Fcategories&post=1564"},{"taxonomy":"post_tag","embeddable":true,"href":"https:\/\/enminutostlx.com\/index.php?rest_route=%2Fwp%2Fv2%2Ftags&post=1564"}],"curies":[{"name":"wp","href":"https:\/\/api.w.org\/{rel}","templated":true}]}}