{"id":1573,"date":"2023-09-17T01:32:48","date_gmt":"2023-09-17T01:32:48","guid":{"rendered":"https:\/\/enminutostlx.com\/?p=1573"},"modified":"2023-09-25T20:56:25","modified_gmt":"2023-09-25T20:56:25","slug":"vive-huamantla-una-noche-mexicana-llena-de-orgullo","status":"publish","type":"post","link":"https:\/\/enminutostlx.com\/?p=1573","title":{"rendered":"VIVE HUAMANTLA UNA NOCHE MEXICANA LLENA DE ORGULLO"},"content":{"rendered":"\n<p>Cientos de familias huamantlecas disfrutaron de una noche con presentaciones art\u00edsticas, culturales y gastron\u00f3micas.<\/p>\n\n\n\n<p>Ante cientos de familias huamantlecas que se hicieron presentes en la explanada de la Presidencia Municipal, el alcalde Salvador Santos Cedillo, dio el tradicional Grito de Independencia en conmemoraci\u00f3n por el 213 aniversario de este acontecimiento.<\/p>\n\n\n\n<p>Desde el balc\u00f3n central del Palacio Municipal, a las 23:00 horas el edil sali\u00f3 y con gran emoci\u00f3n vitore\u00f3 por la independencia nacional y record\u00f3 a los h\u00e9roes que con su vida lograron un M\u00e9xico libre y soberano.<\/p>\n\n\n\n<p>Bajo la bandera tricolor, se escucharon los \u201c\u00a1Viva M\u00e9xico!\u201d, \u201c\u00a1Viva Tlaxcala!\u201d y \u201c\u00a1Viva Huamantla\u201d! por parte de familias enteras, quienes arribaron de todas las comunidades para presenciar y disfrutar una noche que quedar\u00e1 en la memoria de propios y extra\u00f1os, adem\u00e1s de gozar de una verbena popular que tuvo una gran variedad de antojitos mexicanos que fueron entregados de manera gratuita por las diferentes \u00e1reas del gobierno municipal.<\/p>\n\n\n\n<p>Minutos antes, el secretario del Ayuntamiento, Humberto Flores Mart\u00ednez, ley\u00f3 el Acta Solemne de la Declaraci\u00f3n de Independencia de la Am\u00e9rica Septentrional, documento en el que se resalt\u00f3 la recuperaci\u00f3n de la soberan\u00eda, y el fin de los lazos de dependencia pol\u00edtica del Imperio Espa\u00f1ol.<\/p>\n\n\n\n<p>Mientras, que la S\u00edndico Municipal, Ma. Eva Valencia Valencia, fue la encargada de abanderar a la escolta, quien con gallard\u00eda y orgullo hizo entrega de la Bandera Nacional al alcalde.<\/p>\n\n\n\n<p>Por su parte, el Comisario Fernando Ortiz Garc\u00eda, director de Seguridad P\u00fablica, Tr\u00e1nsito y Protecci\u00f3n Civil de Huamantla, rindi\u00f3 su parte de seguridad donde mencion\u00f3 que fueron desplegados m\u00e1s de 140 elementos, 24 unidades a radiopatrullas, y 16 unidades operacionales para garantizar el orden y la paz social durante la fiesta mexicana.<\/p>\n\n\n\n<p>Para iniciar con los festejos patrios, el escenario principal tuvo las presentaciones art\u00edsticas del mariachi \u201cImperio de M\u00e9xico\u201d y, una vez terminado el acto protocolario, se tuvo la participaci\u00f3n estelar del cantante V\u00edctor Garc\u00eda, quien contagi\u00f3 a todos los presentes con sus \u00e9xitos a vivir una fiesta mexicana con emoci\u00f3n, alegr\u00eda y orgullo.<\/p>\n\n\n\n<p>Gracias a la colaboraci\u00f3n y responsabilidad de los asistentes, las actividades de este d\u00eda transcurrieron con civilidad y armon\u00eda, lo que demuestra una vez m\u00e1s que Huamantla est\u00e1 a la altura de los grandes eventos.<\/p>\n","protected":false},"excerpt":{"rendered":"<p>Cientos de familias huamantlecas disfrutaron de una noche con presentaciones art\u00edsticas, culturales y gastron\u00f3micas. Ante cientos de familias huamantlecas que se hicieron presentes en la explanada de la Presidencia Municipal, el alcalde Salvador Santos Cedillo, dio el tradicional Grito de Independencia en conmemoraci\u00f3n por el 213 aniversario de este acontecimiento. Desde el balc\u00f3n central del [&hellip;]<\/p>\n","protected":false},"author":2,"featured_media":1574,"comment_status":"open","ping_status":"open","sticky":false,"template":"","format":"standard","meta":{"_themeisle_gutenberg_block_has_review":false,"footnotes":""},"categories":[26],"tags":[757,756],"class_list":["post-1573","post","type-post","status-publish","format-standard","has-post-thumbnail","hentry","category-municipio","tag-grito-de-independencia","tag-noche-mexicana"],"_links":{"self":[{"href":"https:\/\/enminutostlx.com\/index.php?rest_route=\/wp\/v2\/posts\/1573","targetHints":{"allow":["GET"]}}],"collection":[{"href":"https:\/\/enminutostlx.com\/index.php?rest_route=\/wp\/v2\/posts"}],"about":[{"href":"https:\/\/enminutostlx.com\/index.php?rest_route=\/wp\/v2\/types\/post"}],"author":[{"embeddable":true,"href":"https:\/\/enminutostlx.com\/index.php?rest_route=\/wp\/v2\/users\/2"}],"replies":[{"embeddable":true,"href":"https:\/\/enminutostlx.com\/index.php?rest_route=%2Fwp%2Fv2%2Fcomments&post=1573"}],"version-history":[{"count":1,"href":"https:\/\/enminutostlx.com\/index.php?rest_route=\/wp\/v2\/posts\/1573\/revisions"}],"predecessor-version":[{"id":1575,"href":"https:\/\/enminutostlx.com\/index.php?rest_route=\/wp\/v2\/posts\/1573\/revisions\/1575"}],"wp:featuredmedia":[{"embeddable":true,"href":"https:\/\/enminutostlx.com\/index.php?rest_route=\/wp\/v2\/media\/1574"}],"wp:attachment":[{"href":"https:\/\/enminutostlx.com\/index.php?rest_route=%2Fwp%2Fv2%2Fmedia&parent=1573"}],"wp:term":[{"taxonomy":"category","embeddable":true,"href":"https:\/\/enminutostlx.com\/index.php?rest_route=%2Fwp%2Fv2%2Fcategories&post=1573"},{"taxonomy":"post_tag","embeddable":true,"href":"https:\/\/enminutostlx.com\/index.php?rest_route=%2Fwp%2Fv2%2Ftags&post=1573"}],"curies":[{"name":"wp","href":"https:\/\/api.w.org\/{rel}","templated":true}]}}