{"id":1576,"date":"2023-09-17T01:35:02","date_gmt":"2023-09-17T01:35:02","guid":{"rendered":"https:\/\/enminutostlx.com\/?p=1576"},"modified":"2023-09-25T20:55:46","modified_gmt":"2023-09-25T20:55:46","slug":"realiza-salvador-santos-cedillo-nuevos-nombramientos-en-el-ayuntamiento-de-huamantla","status":"publish","type":"post","link":"https:\/\/enminutostlx.com\/?p=1576","title":{"rendered":"REALIZA SALVADOR SANTOS CEDILLO NUEVOS NOMBRAMIENTOS EN EL AYUNTAMIENTO DE HUAMANTLA"},"content":{"rendered":"\n<p>Con el prop\u00f3sito de fortalecer el funcionamiento de la administraci\u00f3n p\u00fablica municipal, el alcalde Salvador Santos Cedillo, nombr\u00f3 a Mar\u00eda Celeste Caballero Mart\u00ednez y a Emmanuel Luna Mart\u00ednez, como coordinadores de Turismo y Deporte, respectivamente.<\/p>\n\n\n\n<p>Celeste Caballero es originaria de Huamantla, cuenta con una Ingenier\u00eda en Computaci\u00f3n por la Universidad Aut\u00f3noma de Tlaxcala (UATx) y estudia una segunda carrera en Administraci\u00f3n de Empresas Tur\u00edsticas, adem\u00e1s, es Gu\u00eda Tur\u00edstica Certificada bajo las Normas Oficiales Mexicanas NOM 08 TUR 2002 en el \u00e1mbito cultural en el estado de Tlaxcala, con Registro Nacional de Turismo.<\/p>\n\n\n\n<p>Por su parte, Emmanuel Luna es originario de Huamantla y Licenciado en Educaci\u00f3n F\u00edsica, tambi\u00e9n cuenta con un Certificado Nacional Nivel II como entrenador, adem\u00e1s de una amplia experiencia como docente en el \u00e1rea deportiva.<\/p>\n\n\n\n<p>Finalmente el alcalde Santos Cedillo exhort\u00f3 a los nuevos coordinadores a servir a Huamantla con el m\u00e1ximo esfuerzo y compromiso en cada una de sus \u00e1reas.<\/p>\n\n\n\n<p>Estos nombramientos fueron realizados con base en las facultades legales que le confieren al edil el Art\u00edculo 41, fracci\u00f3n VII y VIII de la Ley Municipal del Estado de Tlaxcala.<\/p>\n","protected":false},"excerpt":{"rendered":"<p>Con el prop\u00f3sito de fortalecer el funcionamiento de la administraci\u00f3n p\u00fablica municipal, el alcalde Salvador Santos Cedillo, nombr\u00f3 a Mar\u00eda Celeste Caballero Mart\u00ednez y a Emmanuel Luna Mart\u00ednez, como coordinadores de Turismo y Deporte, respectivamente. Celeste Caballero es originaria de Huamantla, cuenta con una Ingenier\u00eda en Computaci\u00f3n por la Universidad Aut\u00f3noma de Tlaxcala (UATx) y [&hellip;]<\/p>\n","protected":false},"author":2,"featured_media":1577,"comment_status":"open","ping_status":"open","sticky":false,"template":"","format":"standard","meta":{"_themeisle_gutenberg_block_has_review":false,"footnotes":""},"categories":[26],"tags":[684,758],"class_list":["post-1576","post","type-post","status-publish","format-standard","has-post-thumbnail","hentry","category-municipio","tag-h-ayuntamiento-de-huamantla","tag-nombramientos"],"_links":{"self":[{"href":"https:\/\/enminutostlx.com\/index.php?rest_route=\/wp\/v2\/posts\/1576","targetHints":{"allow":["GET"]}}],"collection":[{"href":"https:\/\/enminutostlx.com\/index.php?rest_route=\/wp\/v2\/posts"}],"about":[{"href":"https:\/\/enminutostlx.com\/index.php?rest_route=\/wp\/v2\/types\/post"}],"author":[{"embeddable":true,"href":"https:\/\/enminutostlx.com\/index.php?rest_route=\/wp\/v2\/users\/2"}],"replies":[{"embeddable":true,"href":"https:\/\/enminutostlx.com\/index.php?rest_route=%2Fwp%2Fv2%2Fcomments&post=1576"}],"version-history":[{"count":1,"href":"https:\/\/enminutostlx.com\/index.php?rest_route=\/wp\/v2\/posts\/1576\/revisions"}],"predecessor-version":[{"id":1578,"href":"https:\/\/enminutostlx.com\/index.php?rest_route=\/wp\/v2\/posts\/1576\/revisions\/1578"}],"wp:featuredmedia":[{"embeddable":true,"href":"https:\/\/enminutostlx.com\/index.php?rest_route=\/wp\/v2\/media\/1577"}],"wp:attachment":[{"href":"https:\/\/enminutostlx.com\/index.php?rest_route=%2Fwp%2Fv2%2Fmedia&parent=1576"}],"wp:term":[{"taxonomy":"category","embeddable":true,"href":"https:\/\/enminutostlx.com\/index.php?rest_route=%2Fwp%2Fv2%2Fcategories&post=1576"},{"taxonomy":"post_tag","embeddable":true,"href":"https:\/\/enminutostlx.com\/index.php?rest_route=%2Fwp%2Fv2%2Ftags&post=1576"}],"curies":[{"name":"wp","href":"https:\/\/api.w.org\/{rel}","templated":true}]}}