{"id":1579,"date":"2023-09-17T01:38:56","date_gmt":"2023-09-17T01:38:56","guid":{"rendered":"https:\/\/enminutostlx.com\/?p=1579"},"modified":"2023-09-25T20:54:49","modified_gmt":"2023-09-25T20:54:49","slug":"vivimos-unas-fiestas-patrias-con-fervor-y-civilidad-salvador-santos-cedillo","status":"publish","type":"post","link":"https:\/\/enminutostlx.com\/?p=1579","title":{"rendered":"VIVIMOS UNAS FIESTAS PATRIAS CON FERVOR Y CIVILIDAD: SALVADOR SANTOS CEDILLO"},"content":{"rendered":"\n<p><br>&nbsp;<\/p>\n\n\n\n<ul class=\"wp-block-list\">\n<li>Autoridades municipales montaron una Guardia de Honor en el busto de Miguel Hidalgo y Costilla en la Plazuela San Miguel.<\/li>\n\n\n\n<li>Familias huamantlecas disfrutaron del tradicional desfile como parte de los festejos por el 213 aniversario del inicio de la Independencia de M\u00e9xico.<\/li>\n<\/ul>\n\n\n\n<p>Al encabezar el homenaje c\u00edvico del 16 de septiembre, el presidente municipal de Huamantla, Salvador Santos Cedillo, se dijo orgulloso de que las y los huamantlecos hayan vivido con fervor y civilidad los festejos del Grito de Independencia, acci\u00f3n que lo motiva a continuar impulsando un trabajo a favor de la ciudadan\u00eda para que este Pueblo M\u00e1gico siga avanzando a mejores niveles de bienestar.<\/p>\n\n\n\n<p>En la explanada de la Presidencia Municipal, el alcalde Santos Cedillo, acompa\u00f1ado por integrantes del H. Ayuntamiento, presidentes de comunidad, coordinadores de \u00e1rea y ciudadan\u00eda en general, efectuaron honores a la bandera.<\/p>\n\n\n\n<p>En su mensaje, expres\u00f3 su satisfacci\u00f3n al ver c\u00f3mo la ciudadan\u00eda disfruta con orgullo y respeto, estas fiestas que convocan a la unidad, la cual ha sido un elemento fundamental en el crecimiento y desarrollo de Huamantla.<\/p>\n\n\n\n<p>Al finalizar el homenaje c\u00edvico, las autoridades municipales se trasladaron a la Plazuela de San Miguel, donde montaron una guardia de honor y colocaron una ofrenda floral en el busto de Miguel Hidalgo y Costilla; ah\u00ed, la coordinadora de Cultura, Isabel Aquino Romero, dirigi\u00f3 un mensaje alusivo a esta fecha.<\/p>\n\n\n\n<p>Acto seguido, el edil Salvador Santos, encabez\u00f3 el desfile conmemorativo del 213 aniversario del Inicio de la Independencia de M\u00e9xico, donde participaron autoridades comunitarias y de diversas instituciones educativas de nivel b\u00e1sico del municipio, quienes con gallard\u00eda, orgullo y emoci\u00f3n marcharon por las principales calles de la ciudad.<\/p>\n\n\n\n<p>Finalmente, la autoridad municipal invit\u00f3 a las familias huamantlecas a disfrutar del concierto de Emmanuel Castillo acompa\u00f1ado de la banda sinf\u00f3nica \u201cCoatl Nopalli\u201d, con un show de pirotecnia y un espectacular ballet folcl\u00f3rico, a partir de las 19:00 horas en el parque Ju\u00e1rez.<\/p>\n","protected":false},"excerpt":{"rendered":"<p>&nbsp; Al encabezar el homenaje c\u00edvico del 16 de septiembre, el presidente municipal de Huamantla, Salvador Santos Cedillo, se dijo orgulloso de que las y los huamantlecos hayan vivido con fervor y civilidad los festejos del Grito de Independencia, acci\u00f3n que lo motiva a continuar impulsando un trabajo a favor de la ciudadan\u00eda para que [&hellip;]<\/p>\n","protected":false},"author":2,"featured_media":1580,"comment_status":"open","ping_status":"open","sticky":false,"template":"","format":"standard","meta":{"_themeisle_gutenberg_block_has_review":false,"footnotes":""},"categories":[26],"tags":[750,752,31],"class_list":["post-1579","post","type-post","status-publish","format-standard","has-post-thumbnail","hentry","category-municipio","tag-15-de-septiembre","tag-fiestas-patrias","tag-huamantla"],"_links":{"self":[{"href":"https:\/\/enminutostlx.com\/index.php?rest_route=\/wp\/v2\/posts\/1579","targetHints":{"allow":["GET"]}}],"collection":[{"href":"https:\/\/enminutostlx.com\/index.php?rest_route=\/wp\/v2\/posts"}],"about":[{"href":"https:\/\/enminutostlx.com\/index.php?rest_route=\/wp\/v2\/types\/post"}],"author":[{"embeddable":true,"href":"https:\/\/enminutostlx.com\/index.php?rest_route=\/wp\/v2\/users\/2"}],"replies":[{"embeddable":true,"href":"https:\/\/enminutostlx.com\/index.php?rest_route=%2Fwp%2Fv2%2Fcomments&post=1579"}],"version-history":[{"count":2,"href":"https:\/\/enminutostlx.com\/index.php?rest_route=\/wp\/v2\/posts\/1579\/revisions"}],"predecessor-version":[{"id":1638,"href":"https:\/\/enminutostlx.com\/index.php?rest_route=\/wp\/v2\/posts\/1579\/revisions\/1638"}],"wp:featuredmedia":[{"embeddable":true,"href":"https:\/\/enminutostlx.com\/index.php?rest_route=\/wp\/v2\/media\/1580"}],"wp:attachment":[{"href":"https:\/\/enminutostlx.com\/index.php?rest_route=%2Fwp%2Fv2%2Fmedia&parent=1579"}],"wp:term":[{"taxonomy":"category","embeddable":true,"href":"https:\/\/enminutostlx.com\/index.php?rest_route=%2Fwp%2Fv2%2Fcategories&post=1579"},{"taxonomy":"post_tag","embeddable":true,"href":"https:\/\/enminutostlx.com\/index.php?rest_route=%2Fwp%2Fv2%2Ftags&post=1579"}],"curies":[{"name":"wp","href":"https:\/\/api.w.org\/{rel}","templated":true}]}}