{"id":160,"date":"2023-05-16T05:53:36","date_gmt":"2023-05-16T05:53:36","guid":{"rendered":"https:\/\/enminutostlx.com\/?p=160"},"modified":"2023-05-28T21:14:05","modified_gmt":"2023-05-28T21:14:05","slug":"son-las-y-los-maestros-piezas-fundamentales-para-alcanzar-el-desarrollo-de-huamantla-salvador-santos-cedillo","status":"publish","type":"post","link":"https:\/\/enminutostlx.com\/?p=160","title":{"rendered":"SON LAS Y LOS MAESTROS PIEZAS FUNDAMENTALES PARA ALCANZAR EL DESARROLLO DE HUAMANTLA: SALVADOR SANTOS CEDILLO"},"content":{"rendered":"\n<p>Festeja Ayuntamiento de Huamantla a docentes del municipio con una convivencia llena de sorpresas.<\/p>\n\n\n\n<p>Con gran ambiente y alegr\u00eda, m\u00e1s de 2 mil docentes del municipio disfrutaron de una comida organizada por el H. Ayuntamiento de Huamantla, para celebrar el D\u00eda de las y los Maestros, como reconocimiento a su esfuerzo diario para formar a ni\u00f1as, ni\u00f1os y j\u00f3venes comprometidos con el futuro.<\/p>\n\n\n\n<p>El presidente municipal, Salvador Santos Cedillo, mencion\u00f3 que es a trav\u00e9s de la educaci\u00f3n que se forman ciudadanos de \u00e9xito y los maestros son una pieza fundamental en el desarrollo de Huamantla y de todo el pa\u00eds.<\/p>\n\n\n\n<p>\u201cMe siento muy orgulloso por ser parte de la estrategia para mejorar las condiciones de estudio de las y los alumnos; juntos, autoridades educativas, maestros, y padres de familia, hemos integrado un equipo que est\u00e1 dando resultados a favor del desarrollo acad\u00e9mico de nuestros ni\u00f1os y j\u00f3venes\u201d, se\u00f1al\u00f3.<\/p>\n\n\n\n<p>Santos Cedillo record\u00f3 que, desde el inicio de su administraci\u00f3n, se han impulsado diversos programas y apoyos para mejorar las condiciones de estudio y de trabajo de toda la comunidad educativa; que han dado como resultado la construcci\u00f3n de 10 techumbres, entregas de mobiliario y apoyos de equipos de c\u00f3mputo y tabletas electr\u00f3nicas a los mejores promedios.<\/p>\n\n\n\n<p>Entre los obsequios rifados hubo escritorios, sillas de oficina, computadoras de escritorio, impresoras, equipos celulares, tabletas electr\u00f3nicas y pantallas, en una amena din\u00e1mica donde destacaron las risas y buenos deseos.<\/p>\n\n\n\n<p>En la parte art\u00edstica, los festejados disfrutaron del talento musical de Dafne Celada, del Grupo Rango H, y la presentaci\u00f3n estelar de Los Teles, quienes pusieron a cantar y bailar a la concurrencia para cerrar una tarde de fiesta.<\/p>\n\n\n\n<p>Finalmente, los maestros agradecieron al alcalde Salvador Santos Cedillo, la disposici\u00f3n que siempre ha mostrado a favor del sector educativo, y reiteraron su respaldo de trabajar de manera coordinada por el desarrollo del municipio.<\/p>\n\n\n<figure class=\"wp-block-post-featured-image\"><img loading=\"lazy\" decoding=\"async\" width=\"1599\" height=\"1066\" src=\"https:\/\/enminutostlx.com\/wp-content\/uploads\/2023\/05\/7715dbee-0c44-403a-94a3-1d4c7ba0fba8.jpeg\" class=\"attachment-post-thumbnail size-post-thumbnail wp-post-image\" alt=\"\" style=\"object-fit:cover;\" srcset=\"https:\/\/enminutostlx.com\/wp-content\/uploads\/2023\/05\/7715dbee-0c44-403a-94a3-1d4c7ba0fba8.jpeg 1599w, https:\/\/enminutostlx.com\/wp-content\/uploads\/2023\/05\/7715dbee-0c44-403a-94a3-1d4c7ba0fba8-300x200.jpeg 300w, https:\/\/enminutostlx.com\/wp-content\/uploads\/2023\/05\/7715dbee-0c44-403a-94a3-1d4c7ba0fba8-1024x683.jpeg 1024w, https:\/\/enminutostlx.com\/wp-content\/uploads\/2023\/05\/7715dbee-0c44-403a-94a3-1d4c7ba0fba8-768x512.jpeg 768w, https:\/\/enminutostlx.com\/wp-content\/uploads\/2023\/05\/7715dbee-0c44-403a-94a3-1d4c7ba0fba8-1536x1024.jpeg 1536w, https:\/\/enminutostlx.com\/wp-content\/uploads\/2023\/05\/7715dbee-0c44-403a-94a3-1d4c7ba0fba8-750x500.jpeg 750w, https:\/\/enminutostlx.com\/wp-content\/uploads\/2023\/05\/7715dbee-0c44-403a-94a3-1d4c7ba0fba8-1140x760.jpeg 1140w\" sizes=\"auto, (max-width: 1599px) 100vw, 1599px\" \/><\/figure>","protected":false},"excerpt":{"rendered":"<p>Festeja Ayuntamiento de Huamantla a docentes del municipio con una convivencia llena de sorpresas. Con gran ambiente y alegr\u00eda, m\u00e1s de 2 mil docentes del municipio disfrutaron de una comida organizada por el H. Ayuntamiento de Huamantla, para celebrar el D\u00eda de las y los Maestros, como reconocimiento a su esfuerzo diario para formar a [&hellip;]<\/p>\n","protected":false},"author":2,"featured_media":161,"comment_status":"open","ping_status":"open","sticky":false,"template":"","format":"standard","meta":{"_themeisle_gutenberg_block_has_review":false,"footnotes":""},"categories":[26],"tags":[61,60,59],"class_list":["post-160","post","type-post","status-publish","format-standard","has-post-thumbnail","hentry","category-municipio","tag-chava","tag-festejo","tag-maestros"],"_links":{"self":[{"href":"https:\/\/enminutostlx.com\/index.php?rest_route=\/wp\/v2\/posts\/160","targetHints":{"allow":["GET"]}}],"collection":[{"href":"https:\/\/enminutostlx.com\/index.php?rest_route=\/wp\/v2\/posts"}],"about":[{"href":"https:\/\/enminutostlx.com\/index.php?rest_route=\/wp\/v2\/types\/post"}],"author":[{"embeddable":true,"href":"https:\/\/enminutostlx.com\/index.php?rest_route=\/wp\/v2\/users\/2"}],"replies":[{"embeddable":true,"href":"https:\/\/enminutostlx.com\/index.php?rest_route=%2Fwp%2Fv2%2Fcomments&post=160"}],"version-history":[{"count":1,"href":"https:\/\/enminutostlx.com\/index.php?rest_route=\/wp\/v2\/posts\/160\/revisions"}],"predecessor-version":[{"id":162,"href":"https:\/\/enminutostlx.com\/index.php?rest_route=\/wp\/v2\/posts\/160\/revisions\/162"}],"wp:featuredmedia":[{"embeddable":true,"href":"https:\/\/enminutostlx.com\/index.php?rest_route=\/wp\/v2\/media\/161"}],"wp:attachment":[{"href":"https:\/\/enminutostlx.com\/index.php?rest_route=%2Fwp%2Fv2%2Fmedia&parent=160"}],"wp:term":[{"taxonomy":"category","embeddable":true,"href":"https:\/\/enminutostlx.com\/index.php?rest_route=%2Fwp%2Fv2%2Fcategories&post=160"},{"taxonomy":"post_tag","embeddable":true,"href":"https:\/\/enminutostlx.com\/index.php?rest_route=%2Fwp%2Fv2%2Ftags&post=160"}],"curies":[{"name":"wp","href":"https:\/\/api.w.org\/{rel}","templated":true}]}}