{"id":1631,"date":"2023-09-25T20:38:03","date_gmt":"2023-09-25T20:38:03","guid":{"rendered":"https:\/\/enminutostlx.com\/?p=1631"},"modified":"2023-09-25T20:44:02","modified_gmt":"2023-09-25T20:44:02","slug":"el-gobierno-municipal-de-huamantla-convoca-a-la-gran-feria-del-empleo-2023","status":"publish","type":"post","link":"https:\/\/enminutostlx.com\/?p=1631","title":{"rendered":"EL GOBIERNO MUNICIPAL DE HUAMANTLA CONVOCA A LA GRAN FERIA DEL EMPLEO 2023"},"content":{"rendered":"\n<p>Esta jornada se realizar\u00e1 el pr\u00f3ximo jueves 28 de septiembre a partir de las 11:00 horas en la \u201cCasa del Campesino\u201d, ubicada en la Colonia Emiliano Zapata.<\/p>\n\n\n\n<p>El gobierno municipal que preside Salvador Santos Cedillo, a trav\u00e9s de la Coordinaci\u00f3n de Desarrollo Econ\u00f3mico, hace una invitaci\u00f3n a buscadores de empleo a participar en la Gran Feria del Empleo Huamantla 2023, que se llevar\u00e1 a cabo el pr\u00f3ximo jueves 28 de septiembre en las instalaciones de la \u201cCasa del Campesino\u201d.<\/p>\n\n\n\n<p>El edil Santos Cedillo, mencion\u00f3 que esta jornada tiene el objetivo de brindar a las y los huamantlecos la oportunidad de mejorar su calidad de vida al tener un trabajo seguro, con prestaciones de Ley, donde puedan desarrollar sus habilidades que les permita un crecimiento profesional.<\/p>\n\n\n\n<p>Por su parte, la coordinadora de Desarrollo Econ\u00f3mico del municipio, Amada Acoltzi Gonz\u00e1lez, indic\u00f3 que esta jornada se realizar\u00e1 de 11:00 a 15:00 horas en el inmueble antes citado, que se ubica en la calle Francisco I. Madero #2, de la colonia Emiliano Zapata, donde participar\u00e1n empresas nacionales e internacionales como: CEBI, Driscoll\u2019s, Coca-Cola Femsa, SEBN-MX, Arcomex, Gonac, Metlife, Green Brier, Hacienda Soltepec y Mozzu Construcciones, entre otras.<\/p>\n\n\n\n<p>La funcionaria local inform\u00f3 que quienes est\u00e9n interesados en alguna vacante de las empresas participantes, deber\u00e1n asistir con los siguientes documentos en copia fotost\u00e1tica: INE, CURP, Comprobante de domicilio y Constancia de situaci\u00f3n fiscal actualizada, adem\u00e1s de llevar una solicitud de empleo.<\/p>\n","protected":false},"excerpt":{"rendered":"<p>Esta jornada se realizar\u00e1 el pr\u00f3ximo jueves 28 de septiembre a partir de las 11:00 horas en la \u201cCasa del Campesino\u201d, ubicada en la Colonia Emiliano Zapata. El gobierno municipal que preside Salvador Santos Cedillo, a trav\u00e9s de la Coordinaci\u00f3n de Desarrollo Econ\u00f3mico, hace una invitaci\u00f3n a buscadores de empleo a participar en la Gran [&hellip;]<\/p>\n","protected":false},"author":2,"featured_media":1632,"comment_status":"open","ping_status":"open","sticky":false,"template":"","format":"standard","meta":{"_themeisle_gutenberg_block_has_review":false,"footnotes":""},"categories":[26],"tags":[780,779,31,107],"class_list":["post-1631","post","type-post","status-publish","format-standard","has-post-thumbnail","hentry","category-municipio","tag-empleo","tag-feria-del-empleo","tag-huamantla","tag-trabajo"],"_links":{"self":[{"href":"https:\/\/enminutostlx.com\/index.php?rest_route=\/wp\/v2\/posts\/1631","targetHints":{"allow":["GET"]}}],"collection":[{"href":"https:\/\/enminutostlx.com\/index.php?rest_route=\/wp\/v2\/posts"}],"about":[{"href":"https:\/\/enminutostlx.com\/index.php?rest_route=\/wp\/v2\/types\/post"}],"author":[{"embeddable":true,"href":"https:\/\/enminutostlx.com\/index.php?rest_route=\/wp\/v2\/users\/2"}],"replies":[{"embeddable":true,"href":"https:\/\/enminutostlx.com\/index.php?rest_route=%2Fwp%2Fv2%2Fcomments&post=1631"}],"version-history":[{"count":1,"href":"https:\/\/enminutostlx.com\/index.php?rest_route=\/wp\/v2\/posts\/1631\/revisions"}],"predecessor-version":[{"id":1633,"href":"https:\/\/enminutostlx.com\/index.php?rest_route=\/wp\/v2\/posts\/1631\/revisions\/1633"}],"wp:featuredmedia":[{"embeddable":true,"href":"https:\/\/enminutostlx.com\/index.php?rest_route=\/wp\/v2\/media\/1632"}],"wp:attachment":[{"href":"https:\/\/enminutostlx.com\/index.php?rest_route=%2Fwp%2Fv2%2Fmedia&parent=1631"}],"wp:term":[{"taxonomy":"category","embeddable":true,"href":"https:\/\/enminutostlx.com\/index.php?rest_route=%2Fwp%2Fv2%2Fcategories&post=1631"},{"taxonomy":"post_tag","embeddable":true,"href":"https:\/\/enminutostlx.com\/index.php?rest_route=%2Fwp%2Fv2%2Ftags&post=1631"}],"curies":[{"name":"wp","href":"https:\/\/api.w.org\/{rel}","templated":true}]}}