{"id":1648,"date":"2023-09-26T19:16:45","date_gmt":"2023-09-26T19:16:45","guid":{"rendered":"https:\/\/enminutostlx.com\/?p=1648"},"modified":"2023-09-28T19:30:20","modified_gmt":"2023-09-28T19:30:20","slug":"cuapiaxtla-inauguran-en-cuapiaxtla-centro-de-preparacion-vehicular-de-mercedes-benz","status":"publish","type":"post","link":"https:\/\/enminutostlx.com\/?p=1648","title":{"rendered":"Cuapiaxtla | Inauguran en Cuapiaxtla Centro de Preparaci\u00f3n Vehicular de Mercedes-Benz."},"content":{"rendered":"\n<p>Este d\u00eda, autoridades estatales y municipales inauguraron el Centro de Preparaci\u00f3n Vehicular de Mercedes-Benz ubicado en el municipio de Cuapiaxtla.<\/p>\n\n\n\n<p>Al evento acudi\u00f3 el Presidente Municipal de Cuapiaxtla Antonio Romero Rodr\u00edguez, quien detall\u00f3 brindar\u00e1 todas las facilidades para que la planta pueda desempe\u00f1ar su actividades.<\/p>\n\n\n\n<p>Expres\u00f3 que con ello, tambi\u00e9n se genera un n\u00famero considerable de empleos principalmente para vecinos de la demarcaci\u00f3n, lo que mejorar\u00e1 la econom\u00eda de las familias de Cuapiaxtla.<\/p>\n","protected":false},"excerpt":{"rendered":"<p>Este d\u00eda, autoridades estatales y municipales inauguraron el Centro de Preparaci\u00f3n Vehicular de Mercedes-Benz ubicado en el municipio de Cuapiaxtla. Al evento acudi\u00f3 el Presidente Municipal de Cuapiaxtla Antonio Romero Rodr\u00edguez, quien detall\u00f3 brindar\u00e1 todas las facilidades para que la planta pueda desempe\u00f1ar su actividades. Expres\u00f3 que con ello, tambi\u00e9n se genera un n\u00famero considerable [&hellip;]<\/p>\n","protected":false},"author":2,"featured_media":1649,"comment_status":"open","ping_status":"open","sticky":false,"template":"","format":"standard","meta":{"_themeisle_gutenberg_block_has_review":false,"footnotes":""},"categories":[26],"tags":[785,172,670,784],"class_list":["post-1648","post","type-post","status-publish","format-standard","has-post-thumbnail","hentry","category-municipio","tag-carros","tag-cuapiaxtla","tag-inauguracion-2","tag-planta"],"_links":{"self":[{"href":"https:\/\/enminutostlx.com\/index.php?rest_route=\/wp\/v2\/posts\/1648","targetHints":{"allow":["GET"]}}],"collection":[{"href":"https:\/\/enminutostlx.com\/index.php?rest_route=\/wp\/v2\/posts"}],"about":[{"href":"https:\/\/enminutostlx.com\/index.php?rest_route=\/wp\/v2\/types\/post"}],"author":[{"embeddable":true,"href":"https:\/\/enminutostlx.com\/index.php?rest_route=\/wp\/v2\/users\/2"}],"replies":[{"embeddable":true,"href":"https:\/\/enminutostlx.com\/index.php?rest_route=%2Fwp%2Fv2%2Fcomments&post=1648"}],"version-history":[{"count":1,"href":"https:\/\/enminutostlx.com\/index.php?rest_route=\/wp\/v2\/posts\/1648\/revisions"}],"predecessor-version":[{"id":1650,"href":"https:\/\/enminutostlx.com\/index.php?rest_route=\/wp\/v2\/posts\/1648\/revisions\/1650"}],"wp:featuredmedia":[{"embeddable":true,"href":"https:\/\/enminutostlx.com\/index.php?rest_route=\/wp\/v2\/media\/1649"}],"wp:attachment":[{"href":"https:\/\/enminutostlx.com\/index.php?rest_route=%2Fwp%2Fv2%2Fmedia&parent=1648"}],"wp:term":[{"taxonomy":"category","embeddable":true,"href":"https:\/\/enminutostlx.com\/index.php?rest_route=%2Fwp%2Fv2%2Fcategories&post=1648"},{"taxonomy":"post_tag","embeddable":true,"href":"https:\/\/enminutostlx.com\/index.php?rest_route=%2Fwp%2Fv2%2Ftags&post=1648"}],"curies":[{"name":"wp","href":"https:\/\/api.w.org\/{rel}","templated":true}]}}