{"id":1698,"date":"2023-09-29T13:24:08","date_gmt":"2023-09-29T13:24:08","guid":{"rendered":"https:\/\/enminutostlx.com\/?p=1698"},"modified":"2023-10-27T13:11:16","modified_gmt":"2023-10-27T13:11:16","slug":"huamantla-inaugura-salvador-santos-cedillo-la-gran-feria-del-empleo-huamantla-2023","status":"publish","type":"post","link":"https:\/\/enminutostlx.com\/?p=1698","title":{"rendered":"Huamantla | INAUGURA SALVADOR SANTOS CEDILLO LA GRAN FERIA DEL EMPLEO HUAMANTLA 2023"},"content":{"rendered":"\n<ul class=\"wp-block-list\">\n<li><em>Participaron 17 empresas internacionales, nacionales y locales que ofertaron diferentes vacantes.<\/em><\/li>\n<\/ul>\n\n\n\n<p>Al inaugurar la Gran Feria del Empleo Huamantla 2023, el presidente municipal Salvador Santos Cedillo, resalt\u00f3 que para su administraci\u00f3n es una prioridad generar v\u00ednculos entre el sector productivo y la poblaci\u00f3n, con el prop\u00f3sito de alcanzar mejores condiciones de bienestar para sus familias a trav\u00e9s de un empleo.&nbsp;<\/p>\n\n\n\n<p>En las instalaciones de la Casa del Campesino en la Colonia Emiliano Zapata, se efectu\u00f3 este importante evento, donde participaron 17 empresas con presencia a nivel internacional, nacional y local, para ofertar diferentes vacantes con salarios y prestaciones para los buscadores de empleo.<\/p>\n\n\n\n<p>El alcalde Santos Cedillo, reconoci\u00f3 que en la actualidad puede ser complicado encontrar una oferta laboral, sobre todo en el sector formal al concluir una carrera profesional o t\u00e9cnica, por ello, su administraci\u00f3n impulsa este tipo de eventos para acercar estos talentos y habilidades a las empresas.<\/p>\n\n\n\n<p>\u201cAl realizar estas ferias de empleo, tambi\u00e9n estamos apoyando en la econom\u00eda de las y los huamantlecos, pues no tienen que trasladarse hasta la capital o a otro municipio para buscar una oportunidad de trabajo; adem\u00e1s de que la mayor\u00eda de las empresas que hoy nos acompa\u00f1an, tienen sus instalaciones en Huamantla o municipios cercanos\u201d, apunt\u00f3.<\/p>\n\n\n\n<p>De igual manera, invit\u00f3 a todos los presentes a seguir las redes sociales oficiales del municipio donde continuamente se publican las plazas vacantes que las empresas ofertan; o bien, pueden acercarse a las oficinas de la Coordinaci\u00f3n de Desarrollo Econ\u00f3mico del municipio, ubicadas en el bulevar Cuamanco esquina con Reforma, donde les brindar\u00e1n orientaci\u00f3n y apoyo para poder vincularlos con el sector productivo.&nbsp;<\/p>\n\n\n\n<p>Por su parte, la directora del Servicio Nacional del Empleo (SNE) en el Estado, Azalia Cort\u00e9s Garc\u00eda, agradeci\u00f3 al alcalde el \u00edmpetu que muestra para transformar la vida de los habitantes de este Pueblo M\u00e1gico, adem\u00e1s dijo que se continuar\u00e1 trabajando en esta ruta para seguir trayendo estas Ferias del Empleo que elevan la calidad de vida de las personas.<\/p>\n\n\n\n<p>Finalmente, el presidente municipal, Salvador Santos Cedillo, agradeci\u00f3 la disposici\u00f3n y colaboraci\u00f3n de las empresas quienes contribuyen al crecimiento econ\u00f3mico de la ciudad y han encontrado aqu\u00ed un lugar ideal para invertir.<\/p>\n","protected":false},"excerpt":{"rendered":"<p>Al inaugurar la Gran Feria del Empleo Huamantla 2023, el presidente municipal Salvador Santos Cedillo, resalt\u00f3 que para su administraci\u00f3n es una prioridad generar v\u00ednculos entre el sector productivo y la poblaci\u00f3n, con el prop\u00f3sito de alcanzar mejores condiciones de bienestar para sus familias a trav\u00e9s de un empleo.&nbsp; En las instalaciones de la Casa [&hellip;]<\/p>\n","protected":false},"author":2,"featured_media":1699,"comment_status":"open","ping_status":"open","sticky":false,"template":"","format":"standard","meta":{"_themeisle_gutenberg_block_has_review":false,"footnotes":""},"categories":[26],"tags":[780,122,31],"class_list":["post-1698","post","type-post","status-publish","format-standard","has-post-thumbnail","hentry","category-municipio","tag-empleo","tag-feria","tag-huamantla"],"_links":{"self":[{"href":"https:\/\/enminutostlx.com\/index.php?rest_route=\/wp\/v2\/posts\/1698","targetHints":{"allow":["GET"]}}],"collection":[{"href":"https:\/\/enminutostlx.com\/index.php?rest_route=\/wp\/v2\/posts"}],"about":[{"href":"https:\/\/enminutostlx.com\/index.php?rest_route=\/wp\/v2\/types\/post"}],"author":[{"embeddable":true,"href":"https:\/\/enminutostlx.com\/index.php?rest_route=\/wp\/v2\/users\/2"}],"replies":[{"embeddable":true,"href":"https:\/\/enminutostlx.com\/index.php?rest_route=%2Fwp%2Fv2%2Fcomments&post=1698"}],"version-history":[{"count":1,"href":"https:\/\/enminutostlx.com\/index.php?rest_route=\/wp\/v2\/posts\/1698\/revisions"}],"predecessor-version":[{"id":1700,"href":"https:\/\/enminutostlx.com\/index.php?rest_route=\/wp\/v2\/posts\/1698\/revisions\/1700"}],"wp:featuredmedia":[{"embeddable":true,"href":"https:\/\/enminutostlx.com\/index.php?rest_route=\/wp\/v2\/media\/1699"}],"wp:attachment":[{"href":"https:\/\/enminutostlx.com\/index.php?rest_route=%2Fwp%2Fv2%2Fmedia&parent=1698"}],"wp:term":[{"taxonomy":"category","embeddable":true,"href":"https:\/\/enminutostlx.com\/index.php?rest_route=%2Fwp%2Fv2%2Fcategories&post=1698"},{"taxonomy":"post_tag","embeddable":true,"href":"https:\/\/enminutostlx.com\/index.php?rest_route=%2Fwp%2Fv2%2Ftags&post=1698"}],"curies":[{"name":"wp","href":"https:\/\/api.w.org\/{rel}","templated":true}]}}