{"id":176,"date":"2023-05-11T06:01:06","date_gmt":"2023-05-11T06:01:06","guid":{"rendered":"https:\/\/enminutostlx.com\/?p=176"},"modified":"2023-05-28T21:29:15","modified_gmt":"2023-05-28T21:29:15","slug":"con-el-tianguis-de-semilla-se-promueve-y-apoya-la-produccion-agricola-local-salvador-santos-cedillo","status":"publish","type":"post","link":"https:\/\/enminutostlx.com\/?p=176","title":{"rendered":"CON EL TIANGUIS DE SEMILLA SE PROMUEVE Y APOYA LA PRODUCCI\u00d3N AGR\u00cdCOLA LOCAL: SALVADOR SANTOS CEDILLO"},"content":{"rendered":"\n<p>Con el prop\u00f3sito de fortalecer econom\u00eda de los productores locales, el H. Ayuntamiento de Huamantla, a trav\u00e9s de la Coordinaci\u00f3n de Agricultura y Desarrollo Rural, llevar\u00e1 a cabo este viernes 12 de mayo una edici\u00f3n m\u00e1s del tianguis &#8220;Mis Semillas Huamantlecas&#8221;, en la Plazuela del Dulce Nombre.<\/p>\n\n\n\n<p>Entre los productos que se pueden encontrar en este tianguis est\u00e1n: hortalizas, plantas de ornato, frutos de temporada, frijol, haba, nopal, dulces tradicionales, semillas de calabaza, cristalizados, conservas y mermeladas, \u00e1rboles, jab\u00f3n y shampoo artesanal; as\u00ed como agroqu\u00edmicos y fertilizantes org\u00e1nicos.<\/p>\n\n\n\n<p>A partir de las 10 de la ma\u00f1ana, los productores locales tendr\u00e1n la oportunidad de ofrecer sus semillas sin intermediarios, lo que les permitir\u00e1 obtener ganancias m\u00e1s significativas de su trabajo.<\/p>\n\n\n\n<p>Autoridades municipales refieren que, esta iniciativa es parte de los esfuerzos para promover y apoyar la producci\u00f3n agr\u00edcola local, y para fomentar el comercio justo y el desarrollo econ\u00f3mico sostenible en la regi\u00f3n.<\/p>\n\n\n\n<p>En ese sentido, se invita a las y los huamantlecos a asistir y participar en este tianguis, donde la ciudadan\u00eda podr\u00e1 comprar, intercambiar y vender productos a precios accesibles.<\/p>\n\n\n\n<p>Los productores interesados en participar, pueden ponerse en contacto con la Coordinaci\u00f3n de Agricultura y Desarrollo Rural, a trav\u00e9s del n\u00famero de tel\u00e9fono (247) 472-29-61, o del correo electr\u00f3nico: desarrollo.rural@huamantla.gob.mx.<\/p>\n\n\n<figure class=\"wp-block-post-featured-image\"><img loading=\"lazy\" decoding=\"async\" width=\"1280\" height=\"853\" src=\"https:\/\/enminutostlx.com\/wp-content\/uploads\/2023\/05\/WhatsApp-Image-2023-03-15-at-2.50.45-PM.jpeg\" class=\"attachment-post-thumbnail size-post-thumbnail wp-post-image\" alt=\"\" style=\"object-fit:cover;\" srcset=\"https:\/\/enminutostlx.com\/wp-content\/uploads\/2023\/05\/WhatsApp-Image-2023-03-15-at-2.50.45-PM.jpeg 1280w, https:\/\/enminutostlx.com\/wp-content\/uploads\/2023\/05\/WhatsApp-Image-2023-03-15-at-2.50.45-PM-300x200.jpeg 300w, https:\/\/enminutostlx.com\/wp-content\/uploads\/2023\/05\/WhatsApp-Image-2023-03-15-at-2.50.45-PM-1024x682.jpeg 1024w, https:\/\/enminutostlx.com\/wp-content\/uploads\/2023\/05\/WhatsApp-Image-2023-03-15-at-2.50.45-PM-768x512.jpeg 768w, https:\/\/enminutostlx.com\/wp-content\/uploads\/2023\/05\/WhatsApp-Image-2023-03-15-at-2.50.45-PM-750x500.jpeg 750w, https:\/\/enminutostlx.com\/wp-content\/uploads\/2023\/05\/WhatsApp-Image-2023-03-15-at-2.50.45-PM-1140x760.jpeg 1140w\" sizes=\"auto, (max-width: 1280px) 100vw, 1280px\" \/><\/figure>","protected":false},"excerpt":{"rendered":"<p>Con el prop\u00f3sito de fortalecer econom\u00eda de los productores locales, el H. Ayuntamiento de Huamantla, a trav\u00e9s de la Coordinaci\u00f3n de Agricultura y Desarrollo Rural, llevar\u00e1 a cabo este viernes 12 de mayo una edici\u00f3n m\u00e1s del tianguis &#8220;Mis Semillas Huamantlecas&#8221;, en la Plazuela del Dulce Nombre. Entre los productos que se pueden encontrar en [&hellip;]<\/p>\n","protected":false},"author":2,"featured_media":217,"comment_status":"open","ping_status":"open","sticky":false,"template":"","format":"standard","meta":{"_themeisle_gutenberg_block_has_review":false,"footnotes":""},"categories":[26],"tags":[65,69,68],"class_list":["post-176","post","type-post","status-publish","format-standard","has-post-thumbnail","hentry","category-municipio","tag-celebracion","tag-lucha","tag-mama"],"_links":{"self":[{"href":"https:\/\/enminutostlx.com\/index.php?rest_route=\/wp\/v2\/posts\/176","targetHints":{"allow":["GET"]}}],"collection":[{"href":"https:\/\/enminutostlx.com\/index.php?rest_route=\/wp\/v2\/posts"}],"about":[{"href":"https:\/\/enminutostlx.com\/index.php?rest_route=\/wp\/v2\/types\/post"}],"author":[{"embeddable":true,"href":"https:\/\/enminutostlx.com\/index.php?rest_route=\/wp\/v2\/users\/2"}],"replies":[{"embeddable":true,"href":"https:\/\/enminutostlx.com\/index.php?rest_route=%2Fwp%2Fv2%2Fcomments&post=176"}],"version-history":[{"count":1,"href":"https:\/\/enminutostlx.com\/index.php?rest_route=\/wp\/v2\/posts\/176\/revisions"}],"predecessor-version":[{"id":178,"href":"https:\/\/enminutostlx.com\/index.php?rest_route=\/wp\/v2\/posts\/176\/revisions\/178"}],"wp:featuredmedia":[{"embeddable":true,"href":"https:\/\/enminutostlx.com\/index.php?rest_route=\/wp\/v2\/media\/217"}],"wp:attachment":[{"href":"https:\/\/enminutostlx.com\/index.php?rest_route=%2Fwp%2Fv2%2Fmedia&parent=176"}],"wp:term":[{"taxonomy":"category","embeddable":true,"href":"https:\/\/enminutostlx.com\/index.php?rest_route=%2Fwp%2Fv2%2Fcategories&post=176"},{"taxonomy":"post_tag","embeddable":true,"href":"https:\/\/enminutostlx.com\/index.php?rest_route=%2Fwp%2Fv2%2Ftags&post=176"}],"curies":[{"name":"wp","href":"https:\/\/api.w.org\/{rel}","templated":true}]}}