{"id":1845,"date":"2023-10-16T03:47:34","date_gmt":"2023-10-16T03:47:34","guid":{"rendered":"https:\/\/enminutostlx.com\/?p=1845"},"modified":"2023-10-27T04:05:26","modified_gmt":"2023-10-27T04:05:26","slug":"en-el-centro-civico-de-huamantla-este-lunes-se-efectuara-la-campana-de-esterilizacion-canina-y-felina","status":"publish","type":"post","link":"https:\/\/enminutostlx.com\/?p=1845","title":{"rendered":"EN EL CENTRO C\u00cdVICO DE HUAMANTLA, ESTE LUNES SE EFECTUAR\u00c1 LA CAMPA\u00d1A DE ESTERILIZACI\u00d3N CANINA Y FELINA"},"content":{"rendered":"\n<p>\u00b7 A las 9:00 horas se abrir\u00e1 e iniciar\u00e1 el registro de mascotas<\/p>\n\n\n\n<p>En continuidad con las acciones enfocadas al bienestar animal y de salud p\u00fablica, este lunes 16 de octubre, el gobierno de Huamantla efectuar\u00e1 en el Centro C\u00edvico de la cabecera municipal, la Jornada de Esterilizaci\u00f3n Canina y Felina a cargo del personal especializado del Centro Veterinario Antirr\u00e1bico de la Secretar\u00eda de Salud (SESA) de Tlaxcala.<\/p>\n\n\n\n<p>A partir de las 9:00 horas, se abrir\u00e1 e iniciar\u00e1 el registro de las mascotas que cumplan con los siguientes requisitos: tener tres meses de edad cumplidos, presentar ayuno de 12 horas, no haber sido vacunado y desparasitado en los \u00faltimos 15 d\u00edas, y llevar una manta para cobijar al animal despu\u00e9s del procedimiento.<\/p>\n\n\n\n<p>Al respecto, la autoridad municipal hizo un llamado a los due\u00f1os de los animales de compa\u00f1\u00eda, a que lleguen con anticipaci\u00f3n al registro para evitar que las mascotas se tornen nerviosas o estresen ante la presencia de otros canes, y as\u00ed agilizar la atenci\u00f3n para reducir el tiempo de espera.<\/p>\n\n\n\n<p>Para tener una mascota saludable es importante que los due\u00f1os sean responsables y lleven a sus animales a practicarles este procedimiento quir\u00fargico, que es seguro y confiable para mejorar su calidad de vida.<\/p>\n","protected":false},"excerpt":{"rendered":"<p>\u00b7 A las 9:00 horas se abrir\u00e1 e iniciar\u00e1 el registro de mascotas En continuidad con las acciones enfocadas al bienestar animal y de salud p\u00fablica, este lunes 16 de octubre, el gobierno de Huamantla efectuar\u00e1 en el Centro C\u00edvico de la cabecera municipal, la Jornada de Esterilizaci\u00f3n Canina y Felina a cargo del personal [&hellip;]<\/p>\n","protected":false},"author":2,"featured_media":1846,"comment_status":"open","ping_status":"open","sticky":false,"template":"","format":"standard","meta":{"_themeisle_gutenberg_block_has_review":false,"footnotes":""},"categories":[26],"tags":[822,802,770],"class_list":["post-1845","post","type-post","status-publish","format-standard","has-post-thumbnail","hentry","category-municipio","tag-esterilizacion-canina","tag-gatos","tag-perros"],"_links":{"self":[{"href":"https:\/\/enminutostlx.com\/index.php?rest_route=\/wp\/v2\/posts\/1845","targetHints":{"allow":["GET"]}}],"collection":[{"href":"https:\/\/enminutostlx.com\/index.php?rest_route=\/wp\/v2\/posts"}],"about":[{"href":"https:\/\/enminutostlx.com\/index.php?rest_route=\/wp\/v2\/types\/post"}],"author":[{"embeddable":true,"href":"https:\/\/enminutostlx.com\/index.php?rest_route=\/wp\/v2\/users\/2"}],"replies":[{"embeddable":true,"href":"https:\/\/enminutostlx.com\/index.php?rest_route=%2Fwp%2Fv2%2Fcomments&post=1845"}],"version-history":[{"count":1,"href":"https:\/\/enminutostlx.com\/index.php?rest_route=\/wp\/v2\/posts\/1845\/revisions"}],"predecessor-version":[{"id":1847,"href":"https:\/\/enminutostlx.com\/index.php?rest_route=\/wp\/v2\/posts\/1845\/revisions\/1847"}],"wp:featuredmedia":[{"embeddable":true,"href":"https:\/\/enminutostlx.com\/index.php?rest_route=\/wp\/v2\/media\/1846"}],"wp:attachment":[{"href":"https:\/\/enminutostlx.com\/index.php?rest_route=%2Fwp%2Fv2%2Fmedia&parent=1845"}],"wp:term":[{"taxonomy":"category","embeddable":true,"href":"https:\/\/enminutostlx.com\/index.php?rest_route=%2Fwp%2Fv2%2Fcategories&post=1845"},{"taxonomy":"post_tag","embeddable":true,"href":"https:\/\/enminutostlx.com\/index.php?rest_route=%2Fwp%2Fv2%2Ftags&post=1845"}],"curies":[{"name":"wp","href":"https:\/\/api.w.org\/{rel}","templated":true}]}}