{"id":1851,"date":"2023-10-18T04:44:35","date_gmt":"2023-10-18T04:44:35","guid":{"rendered":"https:\/\/enminutostlx.com\/?p=1851"},"modified":"2023-10-27T04:04:22","modified_gmt":"2023-10-27T04:04:22","slug":"huamantla-las-historias-de-los-pacientes-del-smdif-huamantla-demuestran-que-querer-es-poder-salvador-santos-cedillo","status":"publish","type":"post","link":"https:\/\/enminutostlx.com\/?p=1851","title":{"rendered":"Huamantla &#8211; LAS HISTORIAS DE LOS PACIENTES DEL SMDIF HUAMANTLA DEMUESTRAN QUE QUERER ES PODER: SALVADOR SANTOS CEDILLO"},"content":{"rendered":"\n<p>\u00b7 Asegur\u00f3 el presidente de Huamantla al reinaugurar tres \u00e1reas de la Unidad B\u00e1sica de Rehabilitaci\u00f3n de esta instituci\u00f3n.<\/p>\n\n\n\n<p>Con el prop\u00f3sito de brindar los servicios de prevenci\u00f3n, detecci\u00f3n y rehabilitaci\u00f3n de las personas con discapacidad temporal o permanente, el presidente municipal de Huamantla, Salvador Santos Cedillo, realiz\u00f3 la reinauguraci\u00f3n de las \u00e1reas de mecanoterapia, lenguaje y tanque terap\u00e9utico, de la Unidad B\u00e1sica de Rehabilitaci\u00f3n (UBR) del Sistema Municipal para el Desarrollo Integral de la Familia (SMDIF), y afirm\u00f3 que estas acciones son de las que m\u00e1s valen la pena pues contribuyen a mejorar la calidad de vida de los pacientes al recibir oportunamente sus tratamientos.<\/p>\n\n\n\n<p>En las instalaciones de DIF municipal, el alcalde se dijo satisfecho y contento de poner un granito de arena para que los sue\u00f1os de las y los huamantlecos se cumplan, y asegur\u00f3 que \u201cquerer es poder y esta es la muestra de que con hechos y decisi\u00f3n se pueden lograr cosas magnificas\u201d.<\/p>\n\n\n\n<p>El edil Salvador Santos, se mostr\u00f3 conmovido luego de la proyecci\u00f3n de un testimonio donde una menor -que naci\u00f3 con un padecimiento de par\u00e1lisis cerebral infantil y cuyo diagn\u00f3stico m\u00e9dico fue que no podr\u00eda caminar, hablar o sentarse-, ha mostrado un avance sorprendente gracias a las terapias que recibe en el SMDIF Huamantla.<\/p>\n\n\n\n<p>Ahora la peque\u00f1a Renata, contra las proyecciones de vida, actualmente camina con asistencia y habla, va a la escuela, adem\u00e1s de tomar clases de ingl\u00e9s, otom\u00ed y coro, actividad que la llevar\u00e1 a representar a los huamantlecos en un importante evento en Los \u00c1ngeles, California, en Estados Unidos de Am\u00e9rica.<\/p>\n\n\n\n<p>En su oportunidad, la se\u00f1ora Abisai Montesinos, madre de la menor, a nombres de los beneficiarios que reciben terapias, reconoci\u00f3 que en esta administraci\u00f3n \u201ctenemos la confianza del apoyo y nos sentimos respaldados por el gobierno de Salvador Santos\u201d, al tiempo que agradeci\u00f3 las facilidades y la atenci\u00f3n del personal que labora en esta instituci\u00f3n.<\/p>\n\n\n\n<p>Por su parte, la directora del SMDIF, Teresa Ram\u00edrez Codiz, se\u00f1al\u00f3 que los resultados obtenidos han sido posibles gracias al respaldo y disposici\u00f3n del alcalde Santos Cedillo, ya que han encontrado en \u00e9l \u201cun incondicional s\u00ed para avanzar en el DIF municipal\u201d.<\/p>\n\n\n\n<p>Finalmente, Santos Cedillo, se\u00f1al\u00f3 que el DIF municipal es la casa de todos los huamantlecos, donde se brinda respaldo y donde se pueden sentir arropados; y asegur\u00f3 que este gobierno se distingue por priorizar y atender las necesidades que cambian la vida de las personas al generar bienestar para todas las familias.<\/p>\n\n\n\n<p>Posteriormente, el edil hizo el corte del list\u00f3n inaugural, recorri\u00f3 las \u00e1reas nuevas que fueron rehabilitadas como Odontolog\u00eda, donde se adquiri\u00f3 un equipo de Rayos X; en Hidroterapia, el tanque terap\u00e9utico se acondicion\u00f3, ya que no funcionaba la caldera y todo el equipo estaba desmontado; en tanto, el espacio de Mecanoterapia no funcionaban los aparatos; mientras que en Lenguaje y Aprendizaje, se remodelaron las instalaciones y se cambiaron los materiales que se utilizan para las terapias con el prop\u00f3sito de mejorar la atenci\u00f3n y el servicio.<\/p>\n","protected":false},"excerpt":{"rendered":"<p>\u00b7 Asegur\u00f3 el presidente de Huamantla al reinaugurar tres \u00e1reas de la Unidad B\u00e1sica de Rehabilitaci\u00f3n de esta instituci\u00f3n. Con el prop\u00f3sito de brindar los servicios de prevenci\u00f3n, detecci\u00f3n y rehabilitaci\u00f3n de las personas con discapacidad temporal o permanente, el presidente municipal de Huamantla, Salvador Santos Cedillo, realiz\u00f3 la reinauguraci\u00f3n de las \u00e1reas de mecanoterapia, [&hellip;]<\/p>\n","protected":false},"author":2,"featured_media":1852,"comment_status":"open","ping_status":"open","sticky":false,"template":"","format":"standard","meta":{"_themeisle_gutenberg_block_has_review":false,"footnotes":""},"categories":[26],"tags":[79,36,84,31],"class_list":["post-1851","post","type-post","status-publish","format-standard","has-post-thumbnail","hentry","category-municipio","tag-acciones","tag-dif","tag-entrega","tag-huamantla"],"_links":{"self":[{"href":"https:\/\/enminutostlx.com\/index.php?rest_route=\/wp\/v2\/posts\/1851","targetHints":{"allow":["GET"]}}],"collection":[{"href":"https:\/\/enminutostlx.com\/index.php?rest_route=\/wp\/v2\/posts"}],"about":[{"href":"https:\/\/enminutostlx.com\/index.php?rest_route=\/wp\/v2\/types\/post"}],"author":[{"embeddable":true,"href":"https:\/\/enminutostlx.com\/index.php?rest_route=\/wp\/v2\/users\/2"}],"replies":[{"embeddable":true,"href":"https:\/\/enminutostlx.com\/index.php?rest_route=%2Fwp%2Fv2%2Fcomments&post=1851"}],"version-history":[{"count":1,"href":"https:\/\/enminutostlx.com\/index.php?rest_route=\/wp\/v2\/posts\/1851\/revisions"}],"predecessor-version":[{"id":1853,"href":"https:\/\/enminutostlx.com\/index.php?rest_route=\/wp\/v2\/posts\/1851\/revisions\/1853"}],"wp:featuredmedia":[{"embeddable":true,"href":"https:\/\/enminutostlx.com\/index.php?rest_route=\/wp\/v2\/media\/1852"}],"wp:attachment":[{"href":"https:\/\/enminutostlx.com\/index.php?rest_route=%2Fwp%2Fv2%2Fmedia&parent=1851"}],"wp:term":[{"taxonomy":"category","embeddable":true,"href":"https:\/\/enminutostlx.com\/index.php?rest_route=%2Fwp%2Fv2%2Fcategories&post=1851"},{"taxonomy":"post_tag","embeddable":true,"href":"https:\/\/enminutostlx.com\/index.php?rest_route=%2Fwp%2Fv2%2Ftags&post=1851"}],"curies":[{"name":"wp","href":"https:\/\/api.w.org\/{rel}","templated":true}]}}