{"id":1912,"date":"2023-10-25T19:55:14","date_gmt":"2023-10-25T19:55:14","guid":{"rendered":"https:\/\/enminutostlx.com\/?p=1912"},"modified":"2023-10-27T03:49:06","modified_gmt":"2023-10-27T03:49:06","slug":"se-realizara-en-huamantla-el-segundo-festival-de-dia-de-muertos-amados-por-siempre-con-carlos-rivera","status":"publish","type":"post","link":"https:\/\/enminutostlx.com\/?p=1912","title":{"rendered":"SE REALIZAR\u00c1 EN HUAMANTLA EL SEGUNDO FESTIVAL DE D\u00cdA DE MUERTOS \u201cAMADOS POR SIEMPRE\u201d CON CARLOS RIVERA"},"content":{"rendered":"\n<ul class=\"wp-block-list\">\n<li>Este festejo incluir\u00e1 foros art\u00edsticos, la tradicional calaverita, juegos y una gama de actividades para todas las edades.<\/li>\n<\/ul>\n\n\n\n<p>El H. Ayuntamiento de Huamantla que preside Salvador Santos Cedillo, en coordinaci\u00f3n con el cantante Carlos Rivera y el artesano Alejandro Lira, realizar\u00e1n por segundo a\u00f1o consecutivo el festival de D\u00eda de Muertos \u201cAmados por Siempre\u201d, del 30 de octubre al 5 de noviembre.<\/p>\n\n\n\n<p>A trav\u00e9s de sus redes sociales, el alcalde Santos Cedillo, hizo una invitaci\u00f3n a vivir el \u201cD\u00eda de Muertos\u201d en Huamantla, adem\u00e1s comparti\u00f3 un video promocional donde el huamantleco Carlos Rivera destaca que el misticismo y la tradici\u00f3n del Pueblo M\u00e1gico dan vida para celebrar de manera \u00fanica esta festividad.<\/p>\n\n\n\n<p>\u201cHuamantla se viste de fiesta con alfombras y tapetes de arte ef\u00edmero para compartir con seres queridos, recordar a quienes ya no est\u00e1n con nosotros y adem\u00e1s celebrar la vida\u201d, refiere el cantante.<\/p>\n\n\n\n<p>El Edil de Huamantla, apunt\u00f3 que este festival es una manifestaci\u00f3n de la uni\u00f3n de todas y todos los huamantlecos, que tiene la intensi\u00f3n de atraer al turismo local, regional y nacional que permita impulsar el desarrollo econ\u00f3mico del municipio en beneficio de sus habitantes.<\/p>\n\n\n\n<p>Finalmente, Salvador Santos Cedillo, se\u00f1al\u00f3 que este evento es la oportunidad id\u00f3nea para experimentar la esencia de nuestras costumbres mexicanas y fortalecer el sentido de comunidad y uni\u00f3n en Huamantla.<\/p>\n","protected":false},"excerpt":{"rendered":"<p>El H. Ayuntamiento de Huamantla que preside Salvador Santos Cedillo, en coordinaci\u00f3n con el cantante Carlos Rivera y el artesano Alejandro Lira, realizar\u00e1n por segundo a\u00f1o consecutivo el festival de D\u00eda de Muertos \u201cAmados por Siempre\u201d, del 30 de octubre al 5 de noviembre. A trav\u00e9s de sus redes sociales, el alcalde Santos Cedillo, hizo [&hellip;]<\/p>\n","protected":false},"author":2,"featured_media":1913,"comment_status":"open","ping_status":"open","sticky":false,"template":"","format":"standard","meta":{"_themeisle_gutenberg_block_has_review":false,"footnotes":""},"categories":[26],"tags":[874,875,31],"class_list":["post-1912","post","type-post","status-publish","format-standard","has-post-thumbnail","hentry","category-municipio","tag-dia-de-muertos","tag-festival-del-dia-de-muertos-huamantla","tag-huamantla"],"_links":{"self":[{"href":"https:\/\/enminutostlx.com\/index.php?rest_route=\/wp\/v2\/posts\/1912","targetHints":{"allow":["GET"]}}],"collection":[{"href":"https:\/\/enminutostlx.com\/index.php?rest_route=\/wp\/v2\/posts"}],"about":[{"href":"https:\/\/enminutostlx.com\/index.php?rest_route=\/wp\/v2\/types\/post"}],"author":[{"embeddable":true,"href":"https:\/\/enminutostlx.com\/index.php?rest_route=\/wp\/v2\/users\/2"}],"replies":[{"embeddable":true,"href":"https:\/\/enminutostlx.com\/index.php?rest_route=%2Fwp%2Fv2%2Fcomments&post=1912"}],"version-history":[{"count":1,"href":"https:\/\/enminutostlx.com\/index.php?rest_route=\/wp\/v2\/posts\/1912\/revisions"}],"predecessor-version":[{"id":1914,"href":"https:\/\/enminutostlx.com\/index.php?rest_route=\/wp\/v2\/posts\/1912\/revisions\/1914"}],"wp:featuredmedia":[{"embeddable":true,"href":"https:\/\/enminutostlx.com\/index.php?rest_route=\/wp\/v2\/media\/1913"}],"wp:attachment":[{"href":"https:\/\/enminutostlx.com\/index.php?rest_route=%2Fwp%2Fv2%2Fmedia&parent=1912"}],"wp:term":[{"taxonomy":"category","embeddable":true,"href":"https:\/\/enminutostlx.com\/index.php?rest_route=%2Fwp%2Fv2%2Fcategories&post=1912"},{"taxonomy":"post_tag","embeddable":true,"href":"https:\/\/enminutostlx.com\/index.php?rest_route=%2Fwp%2Fv2%2Ftags&post=1912"}],"curies":[{"name":"wp","href":"https:\/\/api.w.org\/{rel}","templated":true}]}}