{"id":1915,"date":"2023-10-25T21:10:16","date_gmt":"2023-10-25T21:10:16","guid":{"rendered":"https:\/\/enminutostlx.com\/?p=1915"},"modified":"2023-10-27T03:48:15","modified_gmt":"2023-10-27T03:48:15","slug":"celebra-huamantla-un-ano-mas-de-su-fundacion-con-atractiva-corrida-de-toros","status":"publish","type":"post","link":"https:\/\/enminutostlx.com\/?p=1915","title":{"rendered":"CELEBRA HUAMANTLA UN A\u00d1O M\u00c1S DE SU FUNDACI\u00d3N CON ATRACTIVA CORRIDA DE TOROS"},"content":{"rendered":"\n<p>\u00b7 La entrada ser\u00e1 libre, donde destacan los triunfadores de la Feria Tlaxcala 2022 y 2023, as\u00ed como participaci\u00f3n especial de la rejoneadora mexicana Stefan\u00eda Uribe.<\/p>\n\n\n\n<p>En el marco del 489 Aniversario de la Fundaci\u00f3n de Huamantla, el gobierno municipal que preside Salvador Santos Cedillo, invita a la poblaci\u00f3n en general a asistir a la corrida de toros que se llevar\u00e1 a cabo el pr\u00f3ximo s\u00e1bado 28 de octubre, en la Plaza de Toros \u201cLa Taurina\u201d, a partir de las 16:30 horas.<\/p>\n\n\n\n<p>La autoridad municipal inform\u00f3 que el acceso ser\u00e1 totalmente gratuito, sin necesidad de solicitar boletos para el ingreso, con el prop\u00f3sito de que las y los huamantlecos puedan disfrutar en familia de la fiesta brava y de las tradiciones que distinguen al municipio, con cuatro toros de la Ganader\u00eda Haro y un novillo para rejones.<\/p>\n\n\n\n<p>El cartel de corrida estar\u00e1 a cargo del matador Angelino de Arriaga, qui\u00e9n fue triunfador de la Feria Huamantla 2022; el torero Jos\u00e9 Mar\u00eda Macias, originario de este Pueblo M\u00e1gico y con una larga herencia taurina; adem\u00e1s se tendr\u00e1 la participaci\u00f3n especial de la rejoneadora mexicana Stefan\u00eda Uribe, con los Forcados de Tlaxcala.<\/p>\n\n\n\n<p>Este evento forma parte del programa organizado por el gobierno municipal para conmemorar un a\u00f1o m\u00e1s de la grandeza hist\u00f3rica de este Pueblo M\u00e1gico, a trav\u00e9s de la tauromaquia, que trasciende fronteras como un distintivo de las y los huamantlecos.<\/p>\n","protected":false},"excerpt":{"rendered":"<p>\u00b7 La entrada ser\u00e1 libre, donde destacan los triunfadores de la Feria Tlaxcala 2022 y 2023, as\u00ed como participaci\u00f3n especial de la rejoneadora mexicana Stefan\u00eda Uribe. En el marco del 489 Aniversario de la Fundaci\u00f3n de Huamantla, el gobierno municipal que preside Salvador Santos Cedillo, invita a la poblaci\u00f3n en general a asistir a la [&hellip;]<\/p>\n","protected":false},"author":2,"featured_media":1916,"comment_status":"open","ping_status":"open","sticky":false,"template":"","format":"standard","meta":{"_themeisle_gutenberg_block_has_review":false,"footnotes":""},"categories":[26],"tags":[877,84,876,878,603],"class_list":["post-1915","post","type-post","status-publish","format-standard","has-post-thumbnail","hentry","category-municipio","tag-corrida-de-toros","tag-entrega","tag-fundacion-de-huamantla","tag-toreros","tag-toros"],"_links":{"self":[{"href":"https:\/\/enminutostlx.com\/index.php?rest_route=\/wp\/v2\/posts\/1915","targetHints":{"allow":["GET"]}}],"collection":[{"href":"https:\/\/enminutostlx.com\/index.php?rest_route=\/wp\/v2\/posts"}],"about":[{"href":"https:\/\/enminutostlx.com\/index.php?rest_route=\/wp\/v2\/types\/post"}],"author":[{"embeddable":true,"href":"https:\/\/enminutostlx.com\/index.php?rest_route=\/wp\/v2\/users\/2"}],"replies":[{"embeddable":true,"href":"https:\/\/enminutostlx.com\/index.php?rest_route=%2Fwp%2Fv2%2Fcomments&post=1915"}],"version-history":[{"count":1,"href":"https:\/\/enminutostlx.com\/index.php?rest_route=\/wp\/v2\/posts\/1915\/revisions"}],"predecessor-version":[{"id":1917,"href":"https:\/\/enminutostlx.com\/index.php?rest_route=\/wp\/v2\/posts\/1915\/revisions\/1917"}],"wp:featuredmedia":[{"embeddable":true,"href":"https:\/\/enminutostlx.com\/index.php?rest_route=\/wp\/v2\/media\/1916"}],"wp:attachment":[{"href":"https:\/\/enminutostlx.com\/index.php?rest_route=%2Fwp%2Fv2%2Fmedia&parent=1915"}],"wp:term":[{"taxonomy":"category","embeddable":true,"href":"https:\/\/enminutostlx.com\/index.php?rest_route=%2Fwp%2Fv2%2Fcategories&post=1915"},{"taxonomy":"post_tag","embeddable":true,"href":"https:\/\/enminutostlx.com\/index.php?rest_route=%2Fwp%2Fv2%2Ftags&post=1915"}],"curies":[{"name":"wp","href":"https:\/\/api.w.org\/{rel}","templated":true}]}}