{"id":2029,"date":"2023-11-04T21:02:44","date_gmt":"2023-11-04T21:02:44","guid":{"rendered":"https:\/\/enminutostlx.com\/?p=2029"},"modified":"2023-11-28T02:09:05","modified_gmt":"2023-11-28T02:09:05","slug":"terrenate-invita-ayuntamiento-de-terrenate-apoyar-a-guerrero-ante-emergencia","status":"publish","type":"post","link":"https:\/\/enminutostlx.com\/?p=2029","title":{"rendered":"Terrenate &#8211; Invita ayuntamiento de Terrenate apoyar a Guerrero ante emergencia."},"content":{"rendered":"\n<p>El ayuntamiento de Terrenate que encabeza, Edgardo Olivares Cruz, en coordinaci\u00f3n con el Sistema Municipal de Desarrollo Integral de la Familia (SMDIF) convocan a participar a la donaci\u00f3n de v\u00edveres.<\/p>\n\n\n\n<p>Esto para apoyar a los damnificados por el hurac\u00e1n &#8220;Otis&#8221;, por lo que se hace la invitaci\u00f3n a la poblaci\u00f3n para sumarse a esta acci\u00f3n solidaria, aportando art\u00edculos de primera necesidad, alimentos no perecederos, agua embotellada<\/p>\n\n\n\n<p>Se estar\u00e1 recibiendo los insumos en un horario de 9:00 a 17 horas en el Complejo Cultural del municipio de Terrenate.<\/p>\n","protected":false},"excerpt":{"rendered":"<p>El ayuntamiento de Terrenate que encabeza, Edgardo Olivares Cruz, en coordinaci\u00f3n con el Sistema Municipal de Desarrollo Integral de la Familia (SMDIF) convocan a participar a la donaci\u00f3n de v\u00edveres. Esto para apoyar a los damnificados por el hurac\u00e1n &#8220;Otis&#8221;, por lo que se hace la invitaci\u00f3n a la poblaci\u00f3n para sumarse a esta acci\u00f3n [&hellip;]<\/p>\n","protected":false},"author":2,"featured_media":2030,"comment_status":"open","ping_status":"open","sticky":false,"template":"","format":"standard","meta":{"_themeisle_gutenberg_block_has_review":false,"footnotes":""},"categories":[26],"tags":[911,912,846,157],"class_list":["post-2029","post","type-post","status-publish","format-standard","has-post-thumbnail","hentry","category-municipio","tag-ayuda","tag-guerrero","tag-invitacion","tag-terrenate"],"_links":{"self":[{"href":"https:\/\/enminutostlx.com\/index.php?rest_route=\/wp\/v2\/posts\/2029","targetHints":{"allow":["GET"]}}],"collection":[{"href":"https:\/\/enminutostlx.com\/index.php?rest_route=\/wp\/v2\/posts"}],"about":[{"href":"https:\/\/enminutostlx.com\/index.php?rest_route=\/wp\/v2\/types\/post"}],"author":[{"embeddable":true,"href":"https:\/\/enminutostlx.com\/index.php?rest_route=\/wp\/v2\/users\/2"}],"replies":[{"embeddable":true,"href":"https:\/\/enminutostlx.com\/index.php?rest_route=%2Fwp%2Fv2%2Fcomments&post=2029"}],"version-history":[{"count":1,"href":"https:\/\/enminutostlx.com\/index.php?rest_route=\/wp\/v2\/posts\/2029\/revisions"}],"predecessor-version":[{"id":2031,"href":"https:\/\/enminutostlx.com\/index.php?rest_route=\/wp\/v2\/posts\/2029\/revisions\/2031"}],"wp:featuredmedia":[{"embeddable":true,"href":"https:\/\/enminutostlx.com\/index.php?rest_route=\/wp\/v2\/media\/2030"}],"wp:attachment":[{"href":"https:\/\/enminutostlx.com\/index.php?rest_route=%2Fwp%2Fv2%2Fmedia&parent=2029"}],"wp:term":[{"taxonomy":"category","embeddable":true,"href":"https:\/\/enminutostlx.com\/index.php?rest_route=%2Fwp%2Fv2%2Fcategories&post=2029"},{"taxonomy":"post_tag","embeddable":true,"href":"https:\/\/enminutostlx.com\/index.php?rest_route=%2Fwp%2Fv2%2Ftags&post=2029"}],"curies":[{"name":"wp","href":"https:\/\/api.w.org\/{rel}","templated":true}]}}