{"id":2051,"date":"2023-11-06T22:44:05","date_gmt":"2023-11-06T22:44:05","guid":{"rendered":"https:\/\/enminutostlx.com\/?p=2051"},"modified":"2023-11-28T01:07:48","modified_gmt":"2023-11-28T01:07:48","slug":"tequexquitla-invita-dif-de-tequexquitla-a-campana-de-salud-visual","status":"publish","type":"post","link":"https:\/\/enminutostlx.com\/?p=2051","title":{"rendered":"Tequexquitla &#8211; Invita DIF de Tequexquitla a campa\u00f1a de salud visual."},"content":{"rendered":"\n<p>El Sistema Municipal de Desarrollo Integral de la Familia (SMDIF) de El Carmen Tequexquitla convocan a la jornada de salud visual.<\/p>\n\n\n\n<p>La Presidenta de El Carmen Tequexquitla, Araceli Martinez Cortez, se\u00f1al\u00f3 que estas acciones son en beneficio de la poblaci\u00f3n y a la econom\u00eda de las familias.<\/p>\n\n\n\n<p>La campa\u00f1a de salud visual va dirigida a menores de edad y se llevar\u00e1 a cabo del 20 al 24 de noviembre con el tr\u00e1mite de lentes graduados del 50%.<\/p>\n","protected":false},"excerpt":{"rendered":"<p>El Sistema Municipal de Desarrollo Integral de la Familia (SMDIF) de El Carmen Tequexquitla convocan a la jornada de salud visual. La Presidenta de El Carmen Tequexquitla, Araceli Martinez Cortez, se\u00f1al\u00f3 que estas acciones son en beneficio de la poblaci\u00f3n y a la econom\u00eda de las familias. La campa\u00f1a de salud visual va dirigida a [&hellip;]<\/p>\n","protected":false},"author":2,"featured_media":2052,"comment_status":"open","ping_status":"open","sticky":false,"template":"","format":"standard","meta":{"_themeisle_gutenberg_block_has_review":false,"footnotes":""},"categories":[26],"tags":[235,83,359],"class_list":["post-2051","post","type-post","status-publish","format-standard","has-post-thumbnail","hentry","category-municipio","tag-campana","tag-lentes","tag-tequexquitla"],"_links":{"self":[{"href":"https:\/\/enminutostlx.com\/index.php?rest_route=\/wp\/v2\/posts\/2051","targetHints":{"allow":["GET"]}}],"collection":[{"href":"https:\/\/enminutostlx.com\/index.php?rest_route=\/wp\/v2\/posts"}],"about":[{"href":"https:\/\/enminutostlx.com\/index.php?rest_route=\/wp\/v2\/types\/post"}],"author":[{"embeddable":true,"href":"https:\/\/enminutostlx.com\/index.php?rest_route=\/wp\/v2\/users\/2"}],"replies":[{"embeddable":true,"href":"https:\/\/enminutostlx.com\/index.php?rest_route=%2Fwp%2Fv2%2Fcomments&post=2051"}],"version-history":[{"count":1,"href":"https:\/\/enminutostlx.com\/index.php?rest_route=\/wp\/v2\/posts\/2051\/revisions"}],"predecessor-version":[{"id":2053,"href":"https:\/\/enminutostlx.com\/index.php?rest_route=\/wp\/v2\/posts\/2051\/revisions\/2053"}],"wp:featuredmedia":[{"embeddable":true,"href":"https:\/\/enminutostlx.com\/index.php?rest_route=\/wp\/v2\/media\/2052"}],"wp:attachment":[{"href":"https:\/\/enminutostlx.com\/index.php?rest_route=%2Fwp%2Fv2%2Fmedia&parent=2051"}],"wp:term":[{"taxonomy":"category","embeddable":true,"href":"https:\/\/enminutostlx.com\/index.php?rest_route=%2Fwp%2Fv2%2Fcategories&post=2051"},{"taxonomy":"post_tag","embeddable":true,"href":"https:\/\/enminutostlx.com\/index.php?rest_route=%2Fwp%2Fv2%2Ftags&post=2051"}],"curies":[{"name":"wp","href":"https:\/\/api.w.org\/{rel}","templated":true}]}}