{"id":2076,"date":"2023-10-20T03:59:47","date_gmt":"2023-10-20T03:59:47","guid":{"rendered":"https:\/\/enminutostlx.com\/?p=2076"},"modified":"2023-11-07T04:35:40","modified_gmt":"2023-11-07T04:35:40","slug":"tequexquitla-participa-en-el-festival-del-papalote-en-tequexquitla","status":"publish","type":"post","link":"https:\/\/enminutostlx.com\/?p=2076","title":{"rendered":"Tequexquitla &#8211; Participa en el Festival del papalote en Tequexquitla"},"content":{"rendered":"\n<p>El Honorable Ayuntamiento de el Carmen Tequexquitla encabezado por la C. Araceli Mart\u00ednez Cort\u00e9z en coordinaci\u00f3n con la Direcci\u00f3n de Turismo y Recreaci\u00f3n.<\/p>\n\n\n\n<p><img decoding=\"async\" alt=\"\ud83e\ude81\" src=\"https:\/\/static.xx.fbcdn.net\/images\/emoji.php\/v9\/t32\/1\/16\/1fa81.png\"><img decoding=\"async\" alt=\"\ud83e\ude81\" src=\"https:\/\/static.xx.fbcdn.net\/images\/emoji.php\/v9\/t32\/1\/16\/1fa81.png\"><img decoding=\"async\" alt=\"\ud83e\ude81\" src=\"https:\/\/static.xx.fbcdn.net\/images\/emoji.php\/v9\/t32\/1\/16\/1fa81.png\"><img decoding=\"async\" alt=\"\ud83e\ude81\" src=\"https:\/\/static.xx.fbcdn.net\/images\/emoji.php\/v9\/t32\/1\/16\/1fa81.png\"><a href=\"https:\/\/www.facebook.com\/hashtag\/convocan?__eep__=6&amp;__cft__[0]=AZUPIgiPZjuYoV7Hz7dZlNMPs5IGYvYIgI0yE9omv53FFVJTAdWv38gV8U1hR8-MoS7rEVALGEnE_TwfN45isOiLOa9V3ZtZ9Fv6elpN-sUvTa4SLzI9V-HaoY-HvyqMqSdd9CBAHI-_BZvNgB-9tIdhFb3CcMauWTYIcacBvIASqXH3SmH_3wmF0t8_0y9NyM0&amp;__tn__=*NK-R\">#CONVOCAN<\/a><img decoding=\"async\" alt=\"\ud83e\ude81\" src=\"https:\/\/static.xx.fbcdn.net\/images\/emoji.php\/v9\/t32\/1\/16\/1fa81.png\"><img decoding=\"async\" alt=\"\ud83e\ude81\" src=\"https:\/\/static.xx.fbcdn.net\/images\/emoji.php\/v9\/t32\/1\/16\/1fa81.png\"><img decoding=\"async\" alt=\"\ud83e\ude81\" src=\"https:\/\/static.xx.fbcdn.net\/images\/emoji.php\/v9\/t32\/1\/16\/1fa81.png\"><img decoding=\"async\" alt=\"\ud83e\ude81\" src=\"https:\/\/static.xx.fbcdn.net\/images\/emoji.php\/v9\/t32\/1\/16\/1fa81.png\"><\/p>\n\n\n\n<p>a participar en el &#8220;Festival del Papalote&#8221; que se llevar\u00e1 a cabo el d\u00eda 30 de octubre del presente a\u00f1o.<\/p>\n\n\n\n<p><img decoding=\"async\" alt=\"\ud83d\udd34\" src=\"https:\/\/static.xx.fbcdn.net\/images\/emoji.php\/v9\/t6e\/1\/16\/1f534.png\">Bases:<\/p>\n\n\n\n<p>1) <a><\/a>Dise\u00f1o<\/p>\n\n\n\n<p>*El papalote sera elaborado de forma artesanal con materiales tradicionales.<\/p>\n\n\n\n<p>*Dise\u00f1o totalmente a la imaginaci\u00f3n.<\/p>\n\n\n\n<p>*Colores lila, blanco y morados.<\/p>\n\n\n\n<p>2) Participantes<\/p>\n\n\n\n<p>*Categor\u00eda 1 &#8211; ni\u00f1os y ni\u00f1as de 8 a 12 a\u00f1os de edad<\/p>\n\n\n\n<p>*Categor\u00eda 2 &#8211; personas de 16 a 20 a\u00f1os de edad<\/p>\n\n\n\n<p>*Categor\u00eda 3 &#8211; personas mayores de 19 a\u00f1os<\/p>\n\n\n\n<p>*Categor\u00eda 4 &#8211; Familiar<\/p>\n\n\n\n<p>3) Lugar y fecha<\/p>\n\n\n\n<p>Se realizar\u00e1 en la Unidad deportiva de el Carmen Tequexquitla el d\u00eda 30 de octubre del 2023 a las 15:00 horas.<\/p>\n\n\n\n<p>4) Premios a:<\/p>\n\n\n\n<p>*Mejor dise\u00f1o<\/p>\n\n\n\n<p>*Mayor altura<\/p>\n\n\n\n<p>*Mayor tiempo de vuelto<\/p>\n\n\n\n<p><img decoding=\"async\" alt=\"\ud83e\ude81\" src=\"https:\/\/static.xx.fbcdn.net\/images\/emoji.php\/v9\/t32\/1\/16\/1fa81.png\">Habra taller de elaboraci\u00f3n de papalotes con materiales gratuitos.<\/p>\n\n\n\n<p><img decoding=\"async\" alt=\"\ud83d\udd75\ufe0f\" src=\"https:\/\/static.xx.fbcdn.net\/images\/emoji.php\/v9\/t6b\/1\/16\/1f575.png\">Jurado calificador conformado por personal conocedor del tema.<\/p>\n","protected":false},"excerpt":{"rendered":"<p>El Honorable Ayuntamiento de el Carmen Tequexquitla encabezado por la C. Araceli Mart\u00ednez Cort\u00e9z en coordinaci\u00f3n con la Direcci\u00f3n de Turismo y Recreaci\u00f3n. #CONVOCAN a participar en el &#8220;Festival del Papalote&#8221; que se llevar\u00e1 a cabo el d\u00eda 30 de octubre del presente a\u00f1o. Bases: 1) Dise\u00f1o *El papalote sera elaborado de forma artesanal con [&hellip;]<\/p>\n","protected":false},"author":2,"featured_media":2077,"comment_status":"open","ping_status":"open","sticky":false,"template":"","format":"standard","meta":{"_themeisle_gutenberg_block_has_review":false,"footnotes":""},"categories":[26],"tags":[264,929,359],"class_list":["post-2076","post","type-post","status-publish","format-standard","has-post-thumbnail","hentry","category-municipio","tag-festival","tag-papalote","tag-tequexquitla"],"_links":{"self":[{"href":"https:\/\/enminutostlx.com\/index.php?rest_route=\/wp\/v2\/posts\/2076","targetHints":{"allow":["GET"]}}],"collection":[{"href":"https:\/\/enminutostlx.com\/index.php?rest_route=\/wp\/v2\/posts"}],"about":[{"href":"https:\/\/enminutostlx.com\/index.php?rest_route=\/wp\/v2\/types\/post"}],"author":[{"embeddable":true,"href":"https:\/\/enminutostlx.com\/index.php?rest_route=\/wp\/v2\/users\/2"}],"replies":[{"embeddable":true,"href":"https:\/\/enminutostlx.com\/index.php?rest_route=%2Fwp%2Fv2%2Fcomments&post=2076"}],"version-history":[{"count":1,"href":"https:\/\/enminutostlx.com\/index.php?rest_route=\/wp\/v2\/posts\/2076\/revisions"}],"predecessor-version":[{"id":2078,"href":"https:\/\/enminutostlx.com\/index.php?rest_route=\/wp\/v2\/posts\/2076\/revisions\/2078"}],"wp:featuredmedia":[{"embeddable":true,"href":"https:\/\/enminutostlx.com\/index.php?rest_route=\/wp\/v2\/media\/2077"}],"wp:attachment":[{"href":"https:\/\/enminutostlx.com\/index.php?rest_route=%2Fwp%2Fv2%2Fmedia&parent=2076"}],"wp:term":[{"taxonomy":"category","embeddable":true,"href":"https:\/\/enminutostlx.com\/index.php?rest_route=%2Fwp%2Fv2%2Fcategories&post=2076"},{"taxonomy":"post_tag","embeddable":true,"href":"https:\/\/enminutostlx.com\/index.php?rest_route=%2Fwp%2Fv2%2Ftags&post=2076"}],"curies":[{"name":"wp","href":"https:\/\/api.w.org\/{rel}","templated":true}]}}