{"id":2080,"date":"2023-10-20T04:36:30","date_gmt":"2023-10-20T04:36:30","guid":{"rendered":"https:\/\/enminutostlx.com\/?p=2080"},"modified":"2023-11-07T04:37:34","modified_gmt":"2023-11-07T04:37:34","slug":"tequexquitla-realiza-pc-de-tequexquitla-curso-de-primeros-auxilios","status":"publish","type":"post","link":"https:\/\/enminutostlx.com\/?p=2080","title":{"rendered":"Tequexquitla &#8211; Realiza PC de Tequexquitla curso de primeros auxilios."},"content":{"rendered":"\n<p>El Honorable Ayuntamiento encabezado por Ma. Araceli Mart\u00ednez Cort\u00e9z en coordinaci\u00f3n con la direcci\u00f3n de Protecci\u00f3n Civil con la finalidad de preparar y ense\u00f1ar las acciones a realizar en caso de emergencia, acude a la escuela secundaria &#8220;Benito Ju\u00e1rez&#8221; de la comunidad de Temalacayucan y al kinder &#8220;Miguel Hidalgo&#8221; de la cabecera municipal, a implementar la<\/p>\n\n\n\n<p>&#8220;Jornada de Capacitaci\u00f3n en Materia de Primeros Auxilios&#8221;.<\/p>\n\n\n\n<p>La participaci\u00f3n y el compromiso de profesores y <a><\/a>alumnos es importante para la prevenci\u00f3n y atenci\u00f3n oportuna, por tal motivo si est\u00e1s interesado en estas capacitaciones puedes acudir al \u00e1rea de protecci\u00f3n civil con un oficio d\u00f3nde solicite dicha actividad.<\/p>\n","protected":false},"excerpt":{"rendered":"<p>El Honorable Ayuntamiento encabezado por Ma. Araceli Mart\u00ednez Cort\u00e9z en coordinaci\u00f3n con la direcci\u00f3n de Protecci\u00f3n Civil con la finalidad de preparar y ense\u00f1ar las acciones a realizar en caso de emergencia, acude a la escuela secundaria &#8220;Benito Ju\u00e1rez&#8221; de la comunidad de Temalacayucan y al kinder &#8220;Miguel Hidalgo&#8221; de la cabecera municipal, a implementar [&hellip;]<\/p>\n","protected":false},"author":2,"featured_media":2081,"comment_status":"open","ping_status":"open","sticky":false,"template":"","format":"standard","meta":{"_themeisle_gutenberg_block_has_review":false,"footnotes":""},"categories":[26],"tags":[63,382,359],"class_list":["post-2080","post","type-post","status-publish","format-standard","has-post-thumbnail","hentry","category-municipio","tag-curso","tag-pc","tag-tequexquitla"],"_links":{"self":[{"href":"https:\/\/enminutostlx.com\/index.php?rest_route=\/wp\/v2\/posts\/2080","targetHints":{"allow":["GET"]}}],"collection":[{"href":"https:\/\/enminutostlx.com\/index.php?rest_route=\/wp\/v2\/posts"}],"about":[{"href":"https:\/\/enminutostlx.com\/index.php?rest_route=\/wp\/v2\/types\/post"}],"author":[{"embeddable":true,"href":"https:\/\/enminutostlx.com\/index.php?rest_route=\/wp\/v2\/users\/2"}],"replies":[{"embeddable":true,"href":"https:\/\/enminutostlx.com\/index.php?rest_route=%2Fwp%2Fv2%2Fcomments&post=2080"}],"version-history":[{"count":1,"href":"https:\/\/enminutostlx.com\/index.php?rest_route=\/wp\/v2\/posts\/2080\/revisions"}],"predecessor-version":[{"id":2082,"href":"https:\/\/enminutostlx.com\/index.php?rest_route=\/wp\/v2\/posts\/2080\/revisions\/2082"}],"wp:featuredmedia":[{"embeddable":true,"href":"https:\/\/enminutostlx.com\/index.php?rest_route=\/wp\/v2\/media\/2081"}],"wp:attachment":[{"href":"https:\/\/enminutostlx.com\/index.php?rest_route=%2Fwp%2Fv2%2Fmedia&parent=2080"}],"wp:term":[{"taxonomy":"category","embeddable":true,"href":"https:\/\/enminutostlx.com\/index.php?rest_route=%2Fwp%2Fv2%2Fcategories&post=2080"},{"taxonomy":"post_tag","embeddable":true,"href":"https:\/\/enminutostlx.com\/index.php?rest_route=%2Fwp%2Fv2%2Ftags&post=2080"}],"curies":[{"name":"wp","href":"https:\/\/api.w.org\/{rel}","templated":true}]}}