{"id":2083,"date":"2023-10-20T04:38:16","date_gmt":"2023-10-20T04:38:16","guid":{"rendered":"https:\/\/enminutostlx.com\/?p=2083"},"modified":"2023-11-07T04:39:19","modified_gmt":"2023-11-07T04:39:19","slug":"tequexquitla-entrega-alcaldesa-de-tequexquitla-aves-de-traspatio","status":"publish","type":"post","link":"https:\/\/enminutostlx.com\/?p=2083","title":{"rendered":"Tequexquitla &#8211; Entrega alcaldesa de Tequexquitla aves de traspatio."},"content":{"rendered":"\n<p>El Gobierno Municipal de el Carmen Tequexquitla encabezado por Ma. Araceli Mart\u00ednez Cort\u00e9z en coordinaci\u00f3n con la direcci\u00f3n de Desarrollo Social, a bien comun han gestionado el Programa de Apoyo a la Econom\u00eda Familiar (PAEF) en colaboraci\u00f3n con la Secretaria de Impulso Agropecuario, con el objetivo a contribuir en mejorar su dieta alimenticia y econom\u00eda familiar, haciendo entrega de 20 avez de postura de cuatro semanas de edad, con cuadro de vacunaci\u00f3n, perteneciente al <a><\/a>paquete de Especies Menores.<\/p>\n\n\n\n<p>Para hacerte acreedor de este programa acude a la oficina de Desarrollo Social ubicada en la planta alta del Palacio Municipal.<\/p>\n\n\n\n<p>\u00danicamente necesitas estos documentos<\/p>\n\n\n\n<p><img decoding=\"async\" alt=\"\u2705\" src=\"https:\/\/static.xx.fbcdn.net\/images\/emoji.php\/v9\/t33\/1\/16\/2705.png\">CURP<\/p>\n\n\n\n<p><img decoding=\"async\" alt=\"\u2705\" src=\"https:\/\/static.xx.fbcdn.net\/images\/emoji.php\/v9\/t33\/1\/16\/2705.png\"> Credencial de elector a color<\/p>\n\n\n\n<p><img decoding=\"async\" alt=\"\u2705\" src=\"https:\/\/static.xx.fbcdn.net\/images\/emoji.php\/v9\/t33\/1\/16\/2705.png\"> Comprobante de domicilio (Debe de coincidir con la INE)<\/p>\n\n\n\n<p><img decoding=\"async\" alt=\"\u2705\" src=\"https:\/\/static.xx.fbcdn.net\/images\/emoji.php\/v9\/t33\/1\/16\/2705.png\"> Cubrir Cuota de Recuperaci\u00f3n<\/p>\n","protected":false},"excerpt":{"rendered":"<p>El Gobierno Municipal de el Carmen Tequexquitla encabezado por Ma. Araceli Mart\u00ednez Cort\u00e9z en coordinaci\u00f3n con la direcci\u00f3n de Desarrollo Social, a bien comun han gestionado el Programa de Apoyo a la Econom\u00eda Familiar (PAEF) en colaboraci\u00f3n con la Secretaria de Impulso Agropecuario, con el objetivo a contribuir en mejorar su dieta alimenticia y econom\u00eda [&hellip;]<\/p>\n","protected":false},"author":2,"featured_media":2084,"comment_status":"open","ping_status":"open","sticky":false,"template":"","format":"standard","meta":{"_themeisle_gutenberg_block_has_review":false,"footnotes":""},"categories":[26],"tags":[930,45,359],"class_list":["post-2083","post","type-post","status-publish","format-standard","has-post-thumbnail","hentry","category-municipio","tag-alcaldesa","tag-aves","tag-tequexquitla"],"_links":{"self":[{"href":"https:\/\/enminutostlx.com\/index.php?rest_route=\/wp\/v2\/posts\/2083","targetHints":{"allow":["GET"]}}],"collection":[{"href":"https:\/\/enminutostlx.com\/index.php?rest_route=\/wp\/v2\/posts"}],"about":[{"href":"https:\/\/enminutostlx.com\/index.php?rest_route=\/wp\/v2\/types\/post"}],"author":[{"embeddable":true,"href":"https:\/\/enminutostlx.com\/index.php?rest_route=\/wp\/v2\/users\/2"}],"replies":[{"embeddable":true,"href":"https:\/\/enminutostlx.com\/index.php?rest_route=%2Fwp%2Fv2%2Fcomments&post=2083"}],"version-history":[{"count":1,"href":"https:\/\/enminutostlx.com\/index.php?rest_route=\/wp\/v2\/posts\/2083\/revisions"}],"predecessor-version":[{"id":2085,"href":"https:\/\/enminutostlx.com\/index.php?rest_route=\/wp\/v2\/posts\/2083\/revisions\/2085"}],"wp:featuredmedia":[{"embeddable":true,"href":"https:\/\/enminutostlx.com\/index.php?rest_route=\/wp\/v2\/media\/2084"}],"wp:attachment":[{"href":"https:\/\/enminutostlx.com\/index.php?rest_route=%2Fwp%2Fv2%2Fmedia&parent=2083"}],"wp:term":[{"taxonomy":"category","embeddable":true,"href":"https:\/\/enminutostlx.com\/index.php?rest_route=%2Fwp%2Fv2%2Fcategories&post=2083"},{"taxonomy":"post_tag","embeddable":true,"href":"https:\/\/enminutostlx.com\/index.php?rest_route=%2Fwp%2Fv2%2Ftags&post=2083"}],"curies":[{"name":"wp","href":"https:\/\/api.w.org\/{rel}","templated":true}]}}